{"id":2022,"date":"2022-08-17T20:54:19","date_gmt":"2022-08-17T20:54:19","guid":{"rendered":"https:\/\/times.cd\/?p=2022"},"modified":"2022-08-17T20:54:20","modified_gmt":"2022-08-17T20:54:20","slug":"securite-dans-lest-de-la-rdc-eac-deploie-ses-troupes-venus-du-burundi-pour-traquer-les-groupes-armes","status":"publish","type":"post","link":"https:\/\/times.cd\/index.php\/2022\/08\/17\/securite-dans-lest-de-la-rdc-eac-deploie-ses-troupes-venus-du-burundi-pour-traquer-les-groupes-armes\/","title":{"rendered":"S\u00e9curit\u00e9 dans l&rsquo;Est de la RDC: EAC d\u00e9ploie ses troupes venus du Burundi pour traquer les groupes arm\u00e9s"},"content":{"rendered":"\n<p>.<\/p>\n\n\n\n<p>Dans une communication de presse faite par Les Forces arm\u00e9es de la R\u00e9publique D\u00e9mocratique du Congo(FARDC), ont signal\u00e9 la pr\u00e9sence d\u2019un contingent venus du Burundi qui sont pr\u00e9sentement \u00e0 Uvira au Sud-Kivu en RDC. Ce contingent a pour mission de traquer jusqu\u2019au bout tout les groupes arm\u00e9s \u00e9trangers et locaux dans la partie Est de la RDC. \u00ab\u00a0C\u2019est depuis ce lundi 15 ao\u00fbt que le contingent des forces de d\u00e9fense du Burundi est entr\u00e9 officiellement en RDC dans la zone de responsabilit\u00e9 du secteur op\u00e9rationnel Sokola2 Sud-Kivu. Ce contingent burundais est actuellement cantonn\u00e9 au centre d\u2019instruction de Luberizi, elle est venu dans le cadre de la mutualisation des forces pr\u00f4n\u00e9es par les Chefs d\u2019\u00c9tats de la communaut\u00e9 des \u00c9tats d\u2019Afrique de l\u2019Est (EAC), telle qu\u2019elle est pr\u00e9cis\u00e9 et d\u00e9clar\u00e9 par le porte parole de la FARDC, le Lieutenant Marc Elongo.<\/p>\n\n\n\n<p>Signalons que le commandant du secteur op\u00e9rationnel Sukola 2 Sud-Kivu, le g\u00e9n\u00e9ral Ramazani Fundi, invite la population du sud-kivu de coop\u00e9rer avec les forces loyalistes et de rester calme pour une bonne collaboration.<\/p>\n\n\n\n<p>L\u2019arriv\u00e9e de ce contingent sur le sol congolais est une concr\u00e9tisation des r\u00e9solutions du sommet du 21 avril dernier qui s\u2019est pass\u00e9 \u00e0 Nairobi la capitale de Kenya, o\u00f9 les pr\u00e9sidents des pays membres de la l\u2019EAC ont manifest\u00e9 leur volont\u00e9 \u00e0 mettre en place une force r\u00e9gionale en RDC pour combattre les forces n\u00e9gatives qui terrorises la population de l\u2019Est de la RDC.<\/p>\n\n\n\n<p>Mike kaniki\/Times.cd<\/p>\n","protected":false},"excerpt":{"rendered":"<p>. Dans une communication de presse faite par Les Forces arm\u00e9es de la R\u00e9publique D\u00e9mocratique du Congo(FARDC), ont signal\u00e9 la pr\u00e9sence d\u2019un contingent venus du Burundi qui sont pr\u00e9sentement \u00e0 Uvira au Sud-Kivu en RDC. Ce contingent a pour mission de traquer jusqu\u2019au bout tout les groupes arm\u00e9s \u00e9trangers et locaux dans la partie Est [&hellip;]<\/p>\n","protected":false},"author":1,"featured_media":2024,"comment_status":"open","ping_status":"open","sticky":false,"template":"","format":"standard","meta":{"footnotes":""},"categories":[25],"tags":[],"_links":{"self":[{"href":"https:\/\/times.cd\/index.php\/wp-json\/wp\/v2\/posts\/2022"}],"collection":[{"href":"https:\/\/times.cd\/index.php\/wp-json\/wp\/v2\/posts"}],"about":[{"href":"https:\/\/times.cd\/index.php\/wp-json\/wp\/v2\/types\/post"}],"author":[{"embeddable":true,"href":"https:\/\/times.cd\/index.php\/wp-json\/wp\/v2\/users\/1"}],"replies":[{"embeddable":true,"href":"https:\/\/times.cd\/index.php\/wp-json\/wp\/v2\/comments?post=2022"}],"version-history":[{"count":1,"href":"https:\/\/times.cd\/index.php\/wp-json\/wp\/v2\/posts\/2022\/revisions"}],"predecessor-version":[{"id":2025,"href":"https:\/\/times.cd\/index.php\/wp-json\/wp\/v2\/posts\/2022\/revisions\/2025"}],"wp:featuredmedia":[{"embeddable":true,"href":"https:\/\/times.cd\/index.php\/wp-json\/wp\/v2\/media\/2024"}],"wp:attachment":[{"href":"https:\/\/times.cd\/index.php\/wp-json\/wp\/v2\/media?parent=2022"}],"wp:term":[{"taxonomy":"category","embeddable":true,"href":"https:\/\/times.cd\/index.php\/wp-json\/wp\/v2\/categories?post=2022"},{"taxonomy":"post_tag","embeddable":true,"href":"https:\/\/times.cd\/index.php\/wp-json\/wp\/v2\/tags?post=2022"}],"curies":[{"name":"wp","href":"https:\/\/api.w.org\/{rel}","templated":true}]}}