{"id":2014,"date":"2022-08-11T13:05:32","date_gmt":"2022-08-11T13:05:32","guid":{"rendered":"https:\/\/times.cd\/?p=2014"},"modified":"2022-08-11T13:05:34","modified_gmt":"2022-08-11T13:05:34","slug":"fashion-without-borders-africa-revient-a-kinshasa-avec-sa-deuxieme-edition-au-musee-national","status":"publish","type":"post","link":"https:\/\/times.cd\/index.php\/2022\/08\/11\/fashion-without-borders-africa-revient-a-kinshasa-avec-sa-deuxieme-edition-au-musee-national\/","title":{"rendered":"Fashion Without Borders Africa revient \u00e0 Kinshasa avec sa deuxi\u00e8me \u00e9dition au Mus\u00e9e national"},"content":{"rendered":"\n<p><\/p>\n\n\n\n<p>La vitrine exclusive de la mode et exposition, peut- on lire du haut de la maquette cette pr\u00e8sente \u00e9dition en t\u00e9l\u00e9chargement.<\/p>\n\n\n\n<p>Apr\u00e8s sa premi\u00e8re \u00e9dition, tenue \u00e0 Royal \u00c9vent et Restaurent \u00e0 Gombe, vers fin d\u00e9cembre 2021; ainsi donc, reviens en pompe, la tr\u00e8s magnifique Fashion Without Borders Africa( Mode sans fronti\u00e8re Afrique).<\/p>\n\n\n\n<p>Cependant, cette grande messe de la mode et de l&rsquo;\u00e9l\u00e9gance du continent noir, vient de d\u00e9voiler, r\u00e9cemment \u00e0 la presse, \u00e0 la genre manequitoire et de haute couture, mais aux amoureux inconditionnels de la mode, la date de sa deuxi\u00e8me \u00e9dition 2022 de la ville de Kinshasa, il s&rsquo;agit du vendredi 26 ao\u00fbt de 18h \u00e0 22h 30, dans une fashion week, au sublime temple d&rsquo;or de la culture congolaise, Mus\u00e9e National de la R\u00e9publique D\u00e9mocratique du Congo, MNRDC. Cette \u00e9dition aura comme th\u00e8me \u00e0 exploiter : \u00ab\u00a0fronti\u00e8res de la mode\u00a0\u00bb.<\/p>\n\n\n\n<p>En utilisant la mode comme un canal universel dans laquelle, passera le message le plus fraternel de notre Mill\u00e9naire sur une foultitude de questions de l&rsquo;heure dont : la paix, covid, l&rsquo;\u00e9mancipation des femmes, violence faites \u00e0 la femme et \u00e0 la jeune fille passant par les pertinenentes probl\u00e8matiques de : pollution, famine et conservation de la nature, destruction de la couche d&rsquo;ozone\u2026 D&rsquo;o\u00f9, FWB lutte comme une passionara pour un monde acc\u00e8s meilleur, afin de sensibiliser les terriens via les defil\u00e8s de modes et expositions artistiques, pour attendrir les d\u00e8gats et fleaux qui sont maintenant devant nos seuils.<\/p>\n\n\n\n<p>Dans une m\u00e9ga- soir\u00e9e de fashion show, temps pendant lequels, les diff\u00e9rents prestatrices et prestateurs, mannequins cabines, mannequins commerciaux \u00e9galement, les news faces ( novices au mannequinat) firsts faces,top models, d\u00e9fileront sur un somptueux catwalk( poduim), qui sera plac\u00e9 \u00e0 l&rsquo; enclos dudit lieu; afin de livrer au grand public le secret de s\u00e9same du backstage, envie de permettre aux talents scouts\/ scouters ( deboucheurs de talents), de d\u00e9couvrir les futurs grands noms du mannequinat africains aux mensurations exceptionnelles, Top models \u00e0 l&rsquo;instar de l\u00e9gendaires, supers- models noire : Naomie Campell et Iman aux yeux des hautes coutures de notre plan\u00e8te.<\/p>\n\n\n\n<p>Et, le Fashion Without Borders Afrca, reste un carrefour o\u00f9 s&rsquo;affluent les agences de casting, agences de modes, les hautes coutures, les commerciaux, les paparazzis, des culturels, les peoples et les journalistes, sur les bien- fond\u00e9s de mannequinat. Ainsi donc,<br>vibrera pour \u00e9ni\u00e8me fois, dans la capitale congolaise, la m\u00e9tropole de la haute culture africaine, la deuxi\u00e8me \u00e9dition de FWB Africa, un grand portail de culture dans un hyper- rendez-vous dinatoire et bachanal; apr\u00e8s des moments de d\u00e9lices en Afrique australe : Botswana et Afrique du Sud, l\u00e0 o\u00f9 elle lui autour des grands astres, de sa magnificence et floriscence d&rsquo; un grand \u00e9v\u00e9nement spectaculaire, \u00e0 la mani\u00e8re d&rsquo; une \u00a0\u00bb Nuit des \u00e9toiles. \u00c0 tout le moins, FWB, reste un porte-\u00e9tendard du continent dans les diff\u00e9rents concours des d\u00e9fil\u00e9s de modes et expositions artistiques.<\/p>\n","protected":false},"excerpt":{"rendered":"<p>La vitrine exclusive de la mode et exposition, peut- on lire du haut de la maquette cette pr\u00e8sente \u00e9dition en t\u00e9l\u00e9chargement. Apr\u00e8s sa premi\u00e8re \u00e9dition, tenue \u00e0 Royal \u00c9vent et Restaurent \u00e0 Gombe, vers fin d\u00e9cembre 2021; ainsi donc, reviens en pompe, la tr\u00e8s magnifique Fashion Without Borders Africa( Mode sans fronti\u00e8re Afrique). Cependant, cette [&hellip;]<\/p>\n","protected":false},"author":1,"featured_media":2015,"comment_status":"open","ping_status":"open","sticky":false,"template":"","format":"standard","meta":{"footnotes":""},"categories":[23],"tags":[],"_links":{"self":[{"href":"https:\/\/times.cd\/index.php\/wp-json\/wp\/v2\/posts\/2014"}],"collection":[{"href":"https:\/\/times.cd\/index.php\/wp-json\/wp\/v2\/posts"}],"about":[{"href":"https:\/\/times.cd\/index.php\/wp-json\/wp\/v2\/types\/post"}],"author":[{"embeddable":true,"href":"https:\/\/times.cd\/index.php\/wp-json\/wp\/v2\/users\/1"}],"replies":[{"embeddable":true,"href":"https:\/\/times.cd\/index.php\/wp-json\/wp\/v2\/comments?post=2014"}],"version-history":[{"count":1,"href":"https:\/\/times.cd\/index.php\/wp-json\/wp\/v2\/posts\/2014\/revisions"}],"predecessor-version":[{"id":2016,"href":"https:\/\/times.cd\/index.php\/wp-json\/wp\/v2\/posts\/2014\/revisions\/2016"}],"wp:featuredmedia":[{"embeddable":true,"href":"https:\/\/times.cd\/index.php\/wp-json\/wp\/v2\/media\/2015"}],"wp:attachment":[{"href":"https:\/\/times.cd\/index.php\/wp-json\/wp\/v2\/media?parent=2014"}],"wp:term":[{"taxonomy":"category","embeddable":true,"href":"https:\/\/times.cd\/index.php\/wp-json\/wp\/v2\/categories?post=2014"},{"taxonomy":"post_tag","embeddable":true,"href":"https:\/\/times.cd\/index.php\/wp-json\/wp\/v2\/tags?post=2014"}],"curies":[{"name":"wp","href":"https:\/\/api.w.org\/{rel}","templated":true}]}}