{"id":2010,"date":"2022-08-10T11:01:52","date_gmt":"2022-08-10T11:01:52","guid":{"rendered":"https:\/\/times.cd\/?p=2010"},"modified":"2022-08-10T11:01:53","modified_gmt":"2022-08-10T11:01:53","slug":"lancement-du-prix-africa-culture-le-vrai-ring-des-poetes-du-continent-noir","status":"publish","type":"post","link":"https:\/\/times.cd\/index.php\/2022\/08\/10\/lancement-du-prix-africa-culture-le-vrai-ring-des-poetes-du-continent-noir\/","title":{"rendered":"Lancement du Prix Africa Culture : le vrai ring des po\u00e8tes du continent Noir !"},"content":{"rendered":"\n<p><\/p>\n\n\n\n<p><\/p>\n\n\n\n<p>D\u00e9sormais, les plumes africaines, auront la m\u00eame voix au chapitre, dans un m\u00eame cale de depart destin\u00e9 pour les litt\u00e9rateurs Africains. Ainsi, une ar\u00e8ne se pr\u00e9sente devant eux, celle de la lutte pour remporter apr\u00e8s une confrontation des coups des plumes, des droits vers et des uppercuts des rimes, s&rsquo;apercoit \u00e0 travers le mirage, la meilleure r\u00e9compense, de la plus subtile des belles-lettres du Continent; et le voici:<br>Ie Prix Africa Culture. Un prix de la promotion de la litt\u00e9rature du continent Noir.<br>Notre Histoire serait bien \u00e9crit par nous- m\u00eames, dixit Patrice Emery Lumumba.<\/p>\n\n\n\n<p>C&rsquo; est dans les livres que se cacherait l&rsquo;\u00e2me lib\u00e9ratrice de notre combat, rencherit par Cheick Anta Diop.<\/p>\n\n\n\n<p>Ainsi donc, le Prix Africa Culture, vient combieti\u00e8me fois raviver le feu ardent d&rsquo;envie de la litt\u00e9rature parmi les africains. Elle pr\u00f4ne, \u00e0 tout le moins, le tr\u00e9fonds de mieux \u00e9crire chez l&rsquo; homme du \u00a0\u00bb Berceau de l&rsquo; Humanit\u00e9\u00a0\u00bb, parle-t- on.<\/p>\n\n\n\n<p>Pour ce faire, le Prix Africa Culture, est un prix Continental de litt\u00e9rature sur la po\u00e9sie africaine, organis\u00e9 par les \u00e9ditions du Grand lac dans le cadre du festival africa culture ouvert \u00e0 tout public amoureux de la litt\u00e9rature en vue de redorer le blason de la culture livresque africaine et d\u2019honorer les deux \u00e9crivains congolais Bienvenu Sene Mongaba et K\u00e2 Mana.<\/p>\n\n\n\n<p>Crit\u00e8res : le prix est ouvert \u00e0 tout le monde voulant concourir en soumettant un seul po\u00e8me in\u00e9dit pour l\u2019\u00e9dition en cours. La soumission des textes (po\u00e8mes) se fait uniquement par voie \u00e9lectronique via l\u2019adresse mail : prixafricaculture@gmail.com.<br>Les inscriptions sont en cours, \u00e0 5$ jusqu\u2019au 30 septembre, \u00e0 minuit, heure de Kinshasa.<\/p>\n\n\n\n<p>Le prix Africa culture r\u00e9compensera 3 auteurs de mani\u00e8re suisvante :<br>Le 1er prix revient \u00e0 1.000.000fc, soit 500 dollars am\u00e9ricains plus contrat d\u2019\u00e9dition. Les deux derniers prix recevront des troph\u00e9es d\u2019honneur plus d&rsquo;un contrat avec l&rsquo;\u00e9dition.<\/p>\n\n\n\n<p>Ce Prix Africa Culture s&rsquo;enregistre dans la liste longue non exhaustive des prix d&rsquo;excellences de la litt\u00e9rature Africaine, afin de ravigoter l&rsquo;app\u00e9tit d&rsquo;\u00e9crire, due \u00e0 une sainte boulimie chez africains de relever la sentence impr\u00e9catoire, celle pour cacher une v\u00e9rit\u00e9 \u00e0 un noir, il faut le cacher dans livre n\u00e9anmoins, l&rsquo; envie d&rsquo;\u00e9crire prend la vitesse de croisi\u00e8re parmi les negros, pour battre \u00e0 plat couture cet adage d\u00e9risoire \u00e0 leur \u00e9gard de melano\u00efde.<br>Donc, le Prix Africa Culture s&rsquo;inscrit en vrai dans le proc\u00e8s de revaloriser notre culture, estime Sam Zola, patron des \u00e9ditions Grand Lac.<\/p>\n","protected":false},"excerpt":{"rendered":"<p>D\u00e9sormais, les plumes africaines, auront la m\u00eame voix au chapitre, dans un m\u00eame cale de depart destin\u00e9 pour les litt\u00e9rateurs Africains. Ainsi, une ar\u00e8ne se pr\u00e9sente devant eux, celle de la lutte pour remporter apr\u00e8s une confrontation des coups des plumes, des droits vers et des uppercuts des rimes, s&rsquo;apercoit \u00e0 travers le mirage, la [&hellip;]<\/p>\n","protected":false},"author":1,"featured_media":2011,"comment_status":"open","ping_status":"open","sticky":false,"template":"","format":"standard","meta":{"footnotes":""},"categories":[23],"tags":[],"_links":{"self":[{"href":"https:\/\/times.cd\/index.php\/wp-json\/wp\/v2\/posts\/2010"}],"collection":[{"href":"https:\/\/times.cd\/index.php\/wp-json\/wp\/v2\/posts"}],"about":[{"href":"https:\/\/times.cd\/index.php\/wp-json\/wp\/v2\/types\/post"}],"author":[{"embeddable":true,"href":"https:\/\/times.cd\/index.php\/wp-json\/wp\/v2\/users\/1"}],"replies":[{"embeddable":true,"href":"https:\/\/times.cd\/index.php\/wp-json\/wp\/v2\/comments?post=2010"}],"version-history":[{"count":1,"href":"https:\/\/times.cd\/index.php\/wp-json\/wp\/v2\/posts\/2010\/revisions"}],"predecessor-version":[{"id":2012,"href":"https:\/\/times.cd\/index.php\/wp-json\/wp\/v2\/posts\/2010\/revisions\/2012"}],"wp:featuredmedia":[{"embeddable":true,"href":"https:\/\/times.cd\/index.php\/wp-json\/wp\/v2\/media\/2011"}],"wp:attachment":[{"href":"https:\/\/times.cd\/index.php\/wp-json\/wp\/v2\/media?parent=2010"}],"wp:term":[{"taxonomy":"category","embeddable":true,"href":"https:\/\/times.cd\/index.php\/wp-json\/wp\/v2\/categories?post=2010"},{"taxonomy":"post_tag","embeddable":true,"href":"https:\/\/times.cd\/index.php\/wp-json\/wp\/v2\/tags?post=2010"}],"curies":[{"name":"wp","href":"https:\/\/api.w.org\/{rel}","templated":true}]}}