{"id":2002,"date":"2022-08-10T09:31:09","date_gmt":"2022-08-10T09:31:09","guid":{"rendered":"https:\/\/times.cd\/?p=2002"},"modified":"2022-08-10T09:31:11","modified_gmt":"2022-08-10T09:31:11","slug":"agression-en-rdc-les-usa-appuient-les-efforts-de-mediation-en-cours-dans-la-region","status":"publish","type":"post","link":"https:\/\/times.cd\/index.php\/2022\/08\/10\/agression-en-rdc-les-usa-appuient-les-efforts-de-mediation-en-cours-dans-la-region\/","title":{"rendered":"Agression en RDC: les USA appuient les efforts de m\u00e9diation en cours dans la r\u00e9gion"},"content":{"rendered":"\n<p><\/p>\n\n\n\n<p>\u00ab Nous respectons la souverainet\u00e9 de la R\u00e9publique d\u00e9mocratique du Congo ainsi que son int\u00e9grit\u00e9 territoriale. Les Usa appr\u00e9cient les efforts de n\u00e9gociation men\u00e9es par le Kenya et par l\u2019Angola\u00bb. Ces mots du secr\u00e9taire d\u2019Etat am\u00e9ricain Anthony Blinken prononc\u00e9s ce mardi 9 ao\u00fbt 2022 au cours de la conf\u00e9rence de presse co-anim\u00e9 avec le patron de la diplomatie congolaise, Christophe Lutundula, r\u00e9v\u00e8lent la perception am\u00e9ricaine de la situation s\u00e9curitaire qui pr\u00e9vaut \u00e0 l\u2019Est de la RDC.<\/p>\n\n\n\n<p>En liminaire, dans sa communication en anglais, Anthony Blinken a mis une emphase particuli\u00e8re sur la biodiversit\u00e9 et s&rsquo;engagent \u00e0 en assurer le d\u00e9veloppement en synergie avec la RDC. De la m\u00eame mani\u00e8re, a-t-il indiqu\u00e9, les Usa \u0153uvreront dans le sens de prot\u00e9ger l\u2019environnement en s\u2019assurant que les investissements miniers en RDC \u00ab s\u2019appuient sur des bonnes pratiques \u00bb. Il a \u00e9galement fait part de la volont\u00e9 de son pays d\u2019investir de mani\u00e8re substantielle dans la s\u00e9curit\u00e9 alimentaire, mais aussi, dans la lutte contre le r\u00e9chauffement climatique, la malnutrition et la pauvret\u00e9, sans oublier dans le progr\u00e8s de la d\u00e9mocratie.<\/p>\n\n\n\n<p>Introduisant le secr\u00e9taire d\u2019Etat am\u00e9ricain, le VPM en charge de la diplomatie, Christophe Lutundula a, pour sa part, martel\u00e9 sur le partenariat strat\u00e9gique qui lie d\u00e9sormais la RDC aux Usa avec, en toile de fond, une volont\u00e9 commune de requinquer une vieille amiti\u00e9 ayant r\u00e9sist\u00e9 aux p\u00e9rip\u00e9ties de l\u2019histoire. Des discussions bilat\u00e9rales entre les deux d\u00e9l\u00e9gations respectives, il en d\u00e9coule une compr\u00e9hension commune des enjeux et une d\u00e9finition de nouvelles perspectives assorties d\u2019engagements r\u00e9ciproques, a-t-il pr\u00e9cis\u00e9. Et d\u2019ajouter que la RDC d\u00e9ploiera, pour sa part, des efforts pour honorer les engagements auxquels elle a souscrits dans le cadre de ce partenariat strat\u00e9gique.<\/p>\n\n\n\n<p>Au cours de la deuxi\u00e8me partie de la conf\u00e9rence consacr\u00e9e au jeu des questions-r\u00e9ponses, Anthony Blinken s\u2019est voulu plut\u00f4t rassurant. Les Etats-Unis, a-t-il dit, voudraient s\u2019assurer qu\u2019ils peuvent appuyer la m\u00e9diation internationale pour ramener la paix et la stabilit\u00e9 dans cette partie du pays. Tout en incriminant l\u2019appui \u00e0 tout groupe arm\u00e9 non \u00e9tatique, il a invit\u00e9 les forces n\u00e9gatives qui empestent la r\u00e9gion, \u00e0 cesser leurs activit\u00e9s, \u00e0 se d\u00e9militariser et \u00e0 participer aux efforts de n\u00e9gociations en cours.<\/p>\n\n\n\n<p>Evoquant la controverse suscit\u00e9e par l\u2019appel d\u2019offres de vingt-sept blocs p\u00e9troliers et trois blocs gaziers, le ministre des affaires \u00e9trang\u00e8res Christophe Lutundula a pr\u00e9cis\u00e9 que la RDC reste ferme dans son engagement \u00e0 prot\u00e9ger la biodiversit\u00e9. Par cons\u00e9quent, elle ne vend pas son patrimoine naturel. L\u2019enjeu, a-t-il indiqu\u00e9, \u00ab c\u2019est de trouver l\u2019\u00e9quilibre entre le bien-\u00eatre de l\u2019homme congolais et la n\u00e9cessit\u00e9 de garantir \u00e0 l\u2019humanit\u00e9 un cadre \u00e9cologique sain \u00bb. D\u2019o\u00f9 l\u2019appel \u00e0 tous ceux qui poss\u00e8dent une technologie de pointe, ou qui d\u00e9tiennent une certaine expertise \u00e0 l\u2019instar des Usa, de r\u00e9pondre \u00e0 ce besoin de protection de la nature sans \u00ab tuer \u00bb l\u2019homme congolais. Aussi cette exigence sera-t-elle prise en compte dans la conditionnalit\u00e9 des concessions.<\/p>\n\n\n\n<p>Concernant le fameux rapport des experts de l\u2019Onu confirmant l\u2019appui du Rwanda au M23 et la pr\u00e9sence de ses troupes en RDC, le ministre Christophe Lutundula a exig\u00e9, au nom du Gouvernement, qu\u2019il soit publi\u00e9 dans son int\u00e9gralit\u00e9 &#8211; y compris les pi\u00e8ces \u00e0 conviction &#8211; et qu\u2019on en tire les cons\u00e9quences de sorte \u00e0 balayer toutes les zones d\u2019ombre. Au sujet de l\u2019embargo sur les armes qui p\u00e8se sur la RDC, Christophe Lutundula a indiqu\u00e9 tout est en train d\u2019\u00eatre fait pour lever l\u2019hypoth\u00e8que qui plane encore sur le pays depuis la r\u00e9solution onusienne le sanctionnant.<\/p>\n\n\n\n<p>Notons que cette conf\u00e9rence de presse faisait suite au t\u00eate-\u00e0-t\u00eate que l\u2019officiel am\u00e9ricain avait eu en fin de journ\u00e9e avec le Pr\u00e9sident de la R\u00e9publique, F\u00e9lix-Antoine Tshisekedi, au Palais pr\u00e9sidentiel ainsi qu\u2019\u00e0 la rencontre bilat\u00e9rale ayant mis aux prises les officiels congolais et am\u00e9ricains.<\/p>\n","protected":false},"excerpt":{"rendered":"<p>\u00ab Nous respectons la souverainet\u00e9 de la R\u00e9publique d\u00e9mocratique du Congo ainsi que son int\u00e9grit\u00e9 territoriale. Les Usa appr\u00e9cient les efforts de n\u00e9gociation men\u00e9es par le Kenya et par l\u2019Angola\u00bb. Ces mots du secr\u00e9taire d\u2019Etat am\u00e9ricain Anthony Blinken prononc\u00e9s ce mardi 9 ao\u00fbt 2022 au cours de la conf\u00e9rence de presse co-anim\u00e9 avec le patron [&hellip;]<\/p>\n","protected":false},"author":1,"featured_media":2004,"comment_status":"open","ping_status":"open","sticky":false,"template":"","format":"standard","meta":{"footnotes":""},"categories":[25],"tags":[],"_links":{"self":[{"href":"https:\/\/times.cd\/index.php\/wp-json\/wp\/v2\/posts\/2002"}],"collection":[{"href":"https:\/\/times.cd\/index.php\/wp-json\/wp\/v2\/posts"}],"about":[{"href":"https:\/\/times.cd\/index.php\/wp-json\/wp\/v2\/types\/post"}],"author":[{"embeddable":true,"href":"https:\/\/times.cd\/index.php\/wp-json\/wp\/v2\/users\/1"}],"replies":[{"embeddable":true,"href":"https:\/\/times.cd\/index.php\/wp-json\/wp\/v2\/comments?post=2002"}],"version-history":[{"count":1,"href":"https:\/\/times.cd\/index.php\/wp-json\/wp\/v2\/posts\/2002\/revisions"}],"predecessor-version":[{"id":2005,"href":"https:\/\/times.cd\/index.php\/wp-json\/wp\/v2\/posts\/2002\/revisions\/2005"}],"wp:featuredmedia":[{"embeddable":true,"href":"https:\/\/times.cd\/index.php\/wp-json\/wp\/v2\/media\/2004"}],"wp:attachment":[{"href":"https:\/\/times.cd\/index.php\/wp-json\/wp\/v2\/media?parent=2002"}],"wp:term":[{"taxonomy":"category","embeddable":true,"href":"https:\/\/times.cd\/index.php\/wp-json\/wp\/v2\/categories?post=2002"},{"taxonomy":"post_tag","embeddable":true,"href":"https:\/\/times.cd\/index.php\/wp-json\/wp\/v2\/tags?post=2002"}],"curies":[{"name":"wp","href":"https:\/\/api.w.org\/{rel}","templated":true}]}}