{"id":1999,"date":"2022-08-09T18:45:52","date_gmt":"2022-08-09T18:45:52","guid":{"rendered":"https:\/\/times.cd\/?p=1999"},"modified":"2022-08-09T18:45:53","modified_gmt":"2022-08-09T18:45:53","slug":"le-secretaire-detat-americain-anthony-blaiken-est-arrivee-a-kinshasa","status":"publish","type":"post","link":"https:\/\/times.cd\/index.php\/2022\/08\/09\/le-secretaire-detat-americain-anthony-blaiken-est-arrivee-a-kinshasa\/","title":{"rendered":"Le secr\u00e9taire d&rsquo;\u00c9tat Am\u00e9ricain Anthony Blaiken est arriv\u00e9e \u00e0 Kinshasa"},"content":{"rendered":"\n<p><\/p>\n\n\n\n<p><\/p>\n\n\n\n<p>C&rsquo;est \u00e0 14h 25 heures locales que l&rsquo;Air Force Two transportant le Secr\u00e9taire d&rsquo;Etat am\u00e9ricain s&rsquo;est pos\u00e9 ce mardi 9 ao\u00fbt sur le tarmac de l&rsquo;a\u00e9roport international de N&rsquo;djili.<\/p>\n\n\n\n<p>\u00c0 son arriv\u00e9e, Anthony Blinken a \u00e9t\u00e9 re\u00e7u au pied de l&rsquo;avion par le Vice-premier ministre des Affaires \u00c9trang\u00e8res Christophe Lutundula.<\/p>\n\n\n\n<p>Pas de protocole particulier pour le Chef de la diplomatie am\u00e9ricaine qui est attendu au Palais pr\u00e9sidentiel du Mont Ngaliema pour un t\u00eate-\u00e0-t\u00eate avec le pr\u00e9sident F\u00e9lix Tshisekedi Tshilombo.<\/p>\n\n\n\n<p>L&rsquo;entrevue des deux personnalit\u00e9s prendra une demie heure, suivie d&rsquo;une rencontre bilat\u00e9rale \u00e9largie.<\/p>\n\n\n\n<p>Le S\u00e9cr\u00e9taire d&rsquo;Etat am\u00e9ricain est accompagn\u00e9 du Sous secr\u00e9taire d&rsquo;\u00c9tat charg\u00e9 de croissance \u00e9conomique, \u00e9nergie et environnement, Jos\u00e9 Fernandez, du Secr\u00e9taire d&rsquo;\u00c9tat adjointe charg\u00e9e des affaires africaines, Molly Phee et du Directeur principal du Conseil National de S\u00e9curit\u00e9 pour l&rsquo;Afrique, Judd Devermont .<\/p>\n\n\n\n<p>Ces deux rencontres seront sanctionn\u00e9es par une conf\u00e9rence de presse retransmise en direct sur la RTNC.<\/p>\n","protected":false},"excerpt":{"rendered":"<p>C&rsquo;est \u00e0 14h 25 heures locales que l&rsquo;Air Force Two transportant le Secr\u00e9taire d&rsquo;Etat am\u00e9ricain s&rsquo;est pos\u00e9 ce mardi 9 ao\u00fbt sur le tarmac de l&rsquo;a\u00e9roport international de N&rsquo;djili. \u00c0 son arriv\u00e9e, Anthony Blinken a \u00e9t\u00e9 re\u00e7u au pied de l&rsquo;avion par le Vice-premier ministre des Affaires \u00c9trang\u00e8res Christophe Lutundula. Pas de protocole particulier pour [&hellip;]<\/p>\n","protected":false},"author":1,"featured_media":2000,"comment_status":"open","ping_status":"open","sticky":false,"template":"","format":"standard","meta":{"footnotes":""},"categories":[25],"tags":[],"_links":{"self":[{"href":"https:\/\/times.cd\/index.php\/wp-json\/wp\/v2\/posts\/1999"}],"collection":[{"href":"https:\/\/times.cd\/index.php\/wp-json\/wp\/v2\/posts"}],"about":[{"href":"https:\/\/times.cd\/index.php\/wp-json\/wp\/v2\/types\/post"}],"author":[{"embeddable":true,"href":"https:\/\/times.cd\/index.php\/wp-json\/wp\/v2\/users\/1"}],"replies":[{"embeddable":true,"href":"https:\/\/times.cd\/index.php\/wp-json\/wp\/v2\/comments?post=1999"}],"version-history":[{"count":1,"href":"https:\/\/times.cd\/index.php\/wp-json\/wp\/v2\/posts\/1999\/revisions"}],"predecessor-version":[{"id":2001,"href":"https:\/\/times.cd\/index.php\/wp-json\/wp\/v2\/posts\/1999\/revisions\/2001"}],"wp:featuredmedia":[{"embeddable":true,"href":"https:\/\/times.cd\/index.php\/wp-json\/wp\/v2\/media\/2000"}],"wp:attachment":[{"href":"https:\/\/times.cd\/index.php\/wp-json\/wp\/v2\/media?parent=1999"}],"wp:term":[{"taxonomy":"category","embeddable":true,"href":"https:\/\/times.cd\/index.php\/wp-json\/wp\/v2\/categories?post=1999"},{"taxonomy":"post_tag","embeddable":true,"href":"https:\/\/times.cd\/index.php\/wp-json\/wp\/v2\/tags?post=1999"}],"curies":[{"name":"wp","href":"https:\/\/api.w.org\/{rel}","templated":true}]}}