{"id":1996,"date":"2022-08-07T09:52:32","date_gmt":"2022-08-07T09:52:32","guid":{"rendered":"https:\/\/times.cd\/?p=1996"},"modified":"2022-08-07T09:52:33","modified_gmt":"2022-08-07T09:52:33","slug":"rdc-felix-tshisekedi-et-bruno-aubert-echangent-sur-la-situation-securitaire-dans-le-pays-et-la-place-de-la-monusco","status":"publish","type":"post","link":"https:\/\/times.cd\/index.php\/2022\/08\/07\/rdc-felix-tshisekedi-et-bruno-aubert-echangent-sur-la-situation-securitaire-dans-le-pays-et-la-place-de-la-monusco\/","title":{"rendered":"RDC: F\u00e9lix Tshisekedi et Bruno Aubert \u00e9changent sur la situation s\u00e9curitaire dans le pays et la place de la MONUSCO"},"content":{"rendered":"\n<p><\/p>\n\n\n\n<p><\/p>\n\n\n\n<p>Le Pr\u00e9sident de la R\u00e9publique F\u00e9lix Antoine Tshisekedi Tshilombo a re\u00e7u ce samedi 6 ao\u00fbt, l\u2019ambassadeur de France en R\u00e9publique D\u00e9mocratique du Congo, Bruno Aubert. L\u2019entretien a port\u00e9 essentiellement sur la situation s\u00e9curitaire \u00e0 l\u2019Est du pays et la place de la MONUSCO.<\/p>\n\n\n\n<p>\u00c9voquant le r\u00e9cent rapport des experts de l\u2019ONU qui confirme l\u2019agression militaire du Rwanda contre la RDC, le diplomate fran\u00e7ais estime que ces faits doivent permettre au processus diplomatique de renforcer le r\u00f4le de l\u2019ONU comme facilitatrice entre les parties en conflit.<\/p>\n\n\n\n<p>La France, en tant que l\u2019un des cinq pays membres permanents du Conseil de s\u00e9curit\u00e9 des Nations Unies a un r\u00f4le d\u00e9terminant \u00e0 jouer dans le processus de red\u00e9finition du mandat de la MONUSCO.<\/p>\n","protected":false},"excerpt":{"rendered":"<p>Le Pr\u00e9sident de la R\u00e9publique F\u00e9lix Antoine Tshisekedi Tshilombo a re\u00e7u ce samedi 6 ao\u00fbt, l\u2019ambassadeur de France en R\u00e9publique D\u00e9mocratique du Congo, Bruno Aubert. L\u2019entretien a port\u00e9 essentiellement sur la situation s\u00e9curitaire \u00e0 l\u2019Est du pays et la place de la MONUSCO. \u00c9voquant le r\u00e9cent rapport des experts de l\u2019ONU qui confirme l\u2019agression militaire [&hellip;]<\/p>\n","protected":false},"author":1,"featured_media":1997,"comment_status":"open","ping_status":"open","sticky":false,"template":"","format":"standard","meta":{"footnotes":""},"categories":[25],"tags":[],"_links":{"self":[{"href":"https:\/\/times.cd\/index.php\/wp-json\/wp\/v2\/posts\/1996"}],"collection":[{"href":"https:\/\/times.cd\/index.php\/wp-json\/wp\/v2\/posts"}],"about":[{"href":"https:\/\/times.cd\/index.php\/wp-json\/wp\/v2\/types\/post"}],"author":[{"embeddable":true,"href":"https:\/\/times.cd\/index.php\/wp-json\/wp\/v2\/users\/1"}],"replies":[{"embeddable":true,"href":"https:\/\/times.cd\/index.php\/wp-json\/wp\/v2\/comments?post=1996"}],"version-history":[{"count":1,"href":"https:\/\/times.cd\/index.php\/wp-json\/wp\/v2\/posts\/1996\/revisions"}],"predecessor-version":[{"id":1998,"href":"https:\/\/times.cd\/index.php\/wp-json\/wp\/v2\/posts\/1996\/revisions\/1998"}],"wp:featuredmedia":[{"embeddable":true,"href":"https:\/\/times.cd\/index.php\/wp-json\/wp\/v2\/media\/1997"}],"wp:attachment":[{"href":"https:\/\/times.cd\/index.php\/wp-json\/wp\/v2\/media?parent=1996"}],"wp:term":[{"taxonomy":"category","embeddable":true,"href":"https:\/\/times.cd\/index.php\/wp-json\/wp\/v2\/categories?post=1996"},{"taxonomy":"post_tag","embeddable":true,"href":"https:\/\/times.cd\/index.php\/wp-json\/wp\/v2\/tags?post=1996"}],"curies":[{"name":"wp","href":"https:\/\/api.w.org\/{rel}","templated":true}]}}