{"id":1922,"date":"2022-07-11T09:08:09","date_gmt":"2022-07-11T09:08:09","guid":{"rendered":"https:\/\/times.cd\/?p=1922"},"modified":"2022-07-11T09:17:24","modified_gmt":"2022-07-11T09:17:24","slug":"agression-dans-lest-de-la-rdc-la-dypro-sassocie-de-la-douleur-des-compatriotes-de-lest","status":"publish","type":"post","link":"https:\/\/times.cd\/index.php\/2022\/07\/11\/agression-dans-lest-de-la-rdc-la-dypro-sassocie-de-la-douleur-des-compatriotes-de-lest\/","title":{"rendered":"Agression dans l&rsquo;est de la RDC: la DYPRO s&rsquo;associe \u00e0 la douleur des compatriotes de l&rsquo;est"},"content":{"rendered":"\n<p><\/p>\n\n\n\n<p>3 jours on suffit pour que la Dynamique progressiste r\u00e9volutionnaire (DYPRO), r\u00e9fl\u00e9chisse notamment sur les enjeux politique, s\u00e9curitaire et \u00e9lectorale.<\/p>\n\n\n\n<p>A l&rsquo;issue des assises tenue au banlieue de Kinshasa, la plateforme politique coordonn\u00e9e par Me Constant Mutamba s\u2019associe \u00e0 la douleur du peuple congolais et particuli\u00e8rement des habitants meurtris du Nord-Kivu, de l\u2019Ituri et du Sud-Kivu, victimes des guerres r\u00e9p\u00e9titives et plus douloureusement, de l\u2019agression rwando-ougandaise qui s\u00e9vit dans le territoire de Rutshuru. La (DYPRO), leur r\u00e9affirme sa totale d\u00e9termination de soutenir les Forces arm\u00e9es de la R\u00e9publique d\u00e9mocratique du Congo (FARDC) afin que toutes les entit\u00e9s envahies par les troupes rwandaises et ougandaises soient lib\u00e9r\u00e9es.<\/p>\n\n\n\n<p>Sur les questions relatives aux \u00e9lections aux \u00e9lections de 2023, la premi\u00e8re force politique de l&rsquo;opposition en R\u00e9publique D\u00e9mocratique du Congo, exigent le strict respect du d\u00e9lai constitutionnel des \u00e9lections g\u00e9n\u00e9rales de 2023. La Dynamique progressiste r\u00e9volutionnaire rassure cependant la commission \u00e9lectorale nationale ind\u00e9pendante (CENI) de son soutien, tout en demeurant v\u00e9ritablement \u00ab vigilante sur la marche du processus \u00e9lectoral \u00bb.<\/p>\n\n\n\n<p>Times.cd<\/p>\n","protected":false},"excerpt":{"rendered":"<p>3 jours on suffit pour que la Dynamique progressiste r\u00e9volutionnaire (DYPRO), r\u00e9fl\u00e9chisse notamment sur les enjeux politique, s\u00e9curitaire et \u00e9lectorale. A l&rsquo;issue des assises tenue au banlieue de Kinshasa, la plateforme politique coordonn\u00e9e par Me Constant Mutamba s\u2019associe \u00e0 la douleur du peuple congolais et particuli\u00e8rement des habitants meurtris du Nord-Kivu, de l\u2019Ituri et du [&hellip;]<\/p>\n","protected":false},"author":1,"featured_media":1923,"comment_status":"open","ping_status":"open","sticky":false,"template":"","format":"standard","meta":{"footnotes":""},"categories":[25],"tags":[],"_links":{"self":[{"href":"https:\/\/times.cd\/index.php\/wp-json\/wp\/v2\/posts\/1922"}],"collection":[{"href":"https:\/\/times.cd\/index.php\/wp-json\/wp\/v2\/posts"}],"about":[{"href":"https:\/\/times.cd\/index.php\/wp-json\/wp\/v2\/types\/post"}],"author":[{"embeddable":true,"href":"https:\/\/times.cd\/index.php\/wp-json\/wp\/v2\/users\/1"}],"replies":[{"embeddable":true,"href":"https:\/\/times.cd\/index.php\/wp-json\/wp\/v2\/comments?post=1922"}],"version-history":[{"count":2,"href":"https:\/\/times.cd\/index.php\/wp-json\/wp\/v2\/posts\/1922\/revisions"}],"predecessor-version":[{"id":1925,"href":"https:\/\/times.cd\/index.php\/wp-json\/wp\/v2\/posts\/1922\/revisions\/1925"}],"wp:featuredmedia":[{"embeddable":true,"href":"https:\/\/times.cd\/index.php\/wp-json\/wp\/v2\/media\/1923"}],"wp:attachment":[{"href":"https:\/\/times.cd\/index.php\/wp-json\/wp\/v2\/media?parent=1922"}],"wp:term":[{"taxonomy":"category","embeddable":true,"href":"https:\/\/times.cd\/index.php\/wp-json\/wp\/v2\/categories?post=1922"},{"taxonomy":"post_tag","embeddable":true,"href":"https:\/\/times.cd\/index.php\/wp-json\/wp\/v2\/tags?post=1922"}],"curies":[{"name":"wp","href":"https:\/\/api.w.org\/{rel}","templated":true}]}}