{"id":1918,"date":"2022-07-10T00:08:34","date_gmt":"2022-07-10T00:08:34","guid":{"rendered":"https:\/\/times.cd\/?p=1918"},"modified":"2022-07-10T00:08:35","modified_gmt":"2022-07-10T00:08:35","slug":"rdc-5eme-anniversaire-de-laldec-adele-kayinda-mobilise-pour-la-reelection-de-felix-tshisekedi-en-2023","status":"publish","type":"post","link":"https:\/\/times.cd\/index.php\/2022\/07\/10\/rdc-5eme-anniversaire-de-laldec-adele-kayinda-mobilise-pour-la-reelection-de-felix-tshisekedi-en-2023\/","title":{"rendered":"RDC : 5\u00e8me anniversaire de l&rsquo;ALDEC, Ad\u00e8le Kayinda mobilise pour la r\u00e9\u00e9lection de F\u00e9lix Tshisekedi en 2023"},"content":{"rendered":"\n<p><\/p>\n\n\n\n<p><\/p>\n\n\n\n<p>Depuis mars 2018 au 9 juillet 2022 sans nul doute, la formation politique \u00ab Alliance des D\u00e9mocrates Chr\u00e9tiens (ALDEC) dont la ministre d&rsquo;\u00c9tat en charge du Portefeuille, Ad\u00e8le Kayinda est l&rsquo;initiatrice, totalise exactement 5 ans d\u2019existence dans la constellation politique de la R\u00e9publique D\u00e9mocratique du Congo.<\/p>\n\n\n\n<p>En marge de ce cinqui\u00e8me anniversaire de ce parti politique d&rsquo;inspiration chr\u00e9tienne et naturellement appropri\u00e9 \u00e0 tout le monde, le commut\u00e9 politique national a organis\u00e9 un meeting \u00e0 la Foire Internationale de Kinshasa (FIKIN), en pr\u00e9sence des autorit\u00e9s Politico-Administratives de la RDC.<\/p>\n\n\n\n<p>Dans son speech, Ad\u00e8le Kiyinda ne pas y avec le dos de la cuill\u00e8re pour affirmer que : leur candidat \u00e0 la Pr\u00e9sidentielle de 2023 est l&rsquo;actuel chef de l\u2019\u00c9tat de la RDC, F\u00e9lix Tshisekedi.<\/p>\n\n\n\n<p>\u00ab \u00c0 l&rsquo;ALDEC, nous disons ceci : 2023, c&rsquo;est Fatshi b\u00e9ton ou rien\u00a0\u00bb, a-t-elle d\u00e9clar\u00e9 avec les membres de son parti politique.<\/p>\n\n\n\n<p>Par ailleurs, la ministre d&rsquo;\u00c9tat au Portefeuille a retrac\u00e9 l&rsquo;histoire de cr\u00e9ation du parti ALDEC. Cette formation politique, a-t-elle soulign\u00e9, est partie des tentes jusqu&rsquo;au minist\u00e8re de l&rsquo;Int\u00e9rieur pour l&rsquo;agr\u00e9ment en mars 2018. \u00c0 l&rsquo;en croire, plusieurs \u00e9tapes ont \u00e9t\u00e9 franchies pour son apog\u00e9e.<\/p>\n\n\n\n<p>\u00ab La devise d&rsquo;ALDEC est fond\u00e9e sur la solidarit\u00e9, le travail et la victoire. Sa colonne dorcale est le temps. Pour ALDEC, le temps est lin\u00e9aire et non cyclique c&rsquo;est-\u00e0-dire le temps qui passe ne revient pas. Avec nous ALDEC, nous bannissons toutes formes de procrastination car le temps n&rsquo;est pas \u00e9lastique. Pour ALDEC, le temps est notre boussole. Et au tant dire que tout membre d&rsquo;ALDEC doit s&rsquo;investir dans la gestion rationnelle du temps qui est notre alli\u00e9 et notre leitmotiv. Seule mani\u00e8re pour ALDEC d&rsquo;atteindre les objectifs du bien-\u00eatre social et de d\u00e9veloppement de notre pays \u00bb, a indiqu\u00e9 Ad\u00e8le Kayinda Mahina.<\/p>\n\n\n\n<p>Et d&rsquo;ajouter : \u00ab Pour ALDEC, le temps n&rsquo;est pas \u00e0 confondre avec une Covid-19 car il contribue \u00e0 assurer le d\u00e9veloppement de l&rsquo;homme. Pour ALDEC, la victoire est le point culminant de toute action par le parti dans son ensemble ou encore par les membres qui le constituent. Pour ALDEC, la victoire veut dire gagner ou conqu\u00e9rir le pouvoir \u00bb.<\/p>\n\n\n\n<p>Elle a profiter de l&rsquo;occasion pour pr\u00e9ciser en ces termes: le parti ALDEC n&rsquo;est pas une \u00e9glise mais plut\u00f4t une formation politique qui vise \u00e0 mettre en \u0153uvre les vertus et les valeurs enseign\u00e9es par J\u00e9sus Christ car, l&rsquo;ALDEC est un parti politique d&rsquo;inspiration chr\u00e9tienne qui tire ses valeurs de la bible aux \u00e9p\u00eetres de Galate 5-22 et, fonde son action d&rsquo;abord sur la famille consid\u00e9r\u00e9e comme cellule de base de la soci\u00e9t\u00e9 point de d\u00e9part du d\u00e9veloppement integral.<\/p>\n\n\n\n<p>Dans cet \u00e9lan d\u00e9monstratif, l&rsquo;ALDEC entend confirmer son ancrage, son enracinement et son leadership dans la configuration de l&rsquo;espace politique en RDC. Un d\u00e9fi relev\u00e9 par cette entrevue grandiose chapeaut\u00e9e par l&rsquo;autorit\u00e9 morale qui est personne d&rsquo;autres que la ministre du portefeuille, Ad\u00e8le Kayinda ainsi que tous les membres du parti.<\/p>\n\n\n\n<p>Francis Luende<\/p>\n","protected":false},"excerpt":{"rendered":"<p>Depuis mars 2018 au 9 juillet 2022 sans nul doute, la formation politique \u00ab Alliance des D\u00e9mocrates Chr\u00e9tiens (ALDEC) dont la ministre d&rsquo;\u00c9tat en charge du Portefeuille, Ad\u00e8le Kayinda est l&rsquo;initiatrice, totalise exactement 5 ans d\u2019existence dans la constellation politique de la R\u00e9publique D\u00e9mocratique du Congo. En marge de ce cinqui\u00e8me anniversaire de ce parti [&hellip;]<\/p>\n","protected":false},"author":1,"featured_media":1920,"comment_status":"open","ping_status":"open","sticky":false,"template":"","format":"standard","meta":{"footnotes":""},"categories":[25],"tags":[],"_links":{"self":[{"href":"https:\/\/times.cd\/index.php\/wp-json\/wp\/v2\/posts\/1918"}],"collection":[{"href":"https:\/\/times.cd\/index.php\/wp-json\/wp\/v2\/posts"}],"about":[{"href":"https:\/\/times.cd\/index.php\/wp-json\/wp\/v2\/types\/post"}],"author":[{"embeddable":true,"href":"https:\/\/times.cd\/index.php\/wp-json\/wp\/v2\/users\/1"}],"replies":[{"embeddable":true,"href":"https:\/\/times.cd\/index.php\/wp-json\/wp\/v2\/comments?post=1918"}],"version-history":[{"count":1,"href":"https:\/\/times.cd\/index.php\/wp-json\/wp\/v2\/posts\/1918\/revisions"}],"predecessor-version":[{"id":1921,"href":"https:\/\/times.cd\/index.php\/wp-json\/wp\/v2\/posts\/1918\/revisions\/1921"}],"wp:featuredmedia":[{"embeddable":true,"href":"https:\/\/times.cd\/index.php\/wp-json\/wp\/v2\/media\/1920"}],"wp:attachment":[{"href":"https:\/\/times.cd\/index.php\/wp-json\/wp\/v2\/media?parent=1918"}],"wp:term":[{"taxonomy":"category","embeddable":true,"href":"https:\/\/times.cd\/index.php\/wp-json\/wp\/v2\/categories?post=1918"},{"taxonomy":"post_tag","embeddable":true,"href":"https:\/\/times.cd\/index.php\/wp-json\/wp\/v2\/tags?post=1918"}],"curies":[{"name":"wp","href":"https:\/\/api.w.org\/{rel}","templated":true}]}}