{"id":1903,"date":"2022-07-04T16:41:28","date_gmt":"2022-07-04T16:41:28","guid":{"rendered":"https:\/\/times.cd\/?p=1903"},"modified":"2022-07-04T16:41:29","modified_gmt":"2022-07-04T16:41:29","slug":"rdc-premiere-production-theatrale-il-etait-une-fois-lumumba-ecrit-par-le-ministere-de-la-culture-arts-et-patrimoines","status":"publish","type":"post","link":"https:\/\/times.cd\/index.php\/2022\/07\/04\/rdc-premiere-production-theatrale-il-etait-une-fois-lumumba-ecrit-par-le-ministere-de-la-culture-arts-et-patrimoines\/","title":{"rendered":"RDC : Premi\u00e8re production th\u00e9\u00e2trale \u00ab\u00a0Il \u00e9tait une fois Lumumba \u00ab\u00a0\u00e9crit par le minist\u00e8re de la Culture Arts et Patrimoines"},"content":{"rendered":"\n<p><\/p>\n\n\n\n<p><\/p>\n\n\n\n<p>C&rsquo;est la premi\u00e8re \u0153uvre \u00e9crite par le minist\u00e8re de la Culture, Arts et Patrimoines au travers le r\u00e9cital d\u00e9nomm\u00e9 : \u00ab\u00a0il \u00e9tait une fois Lumumba\u00a0\u00bb, a d\u00e9clar\u00e9e Catherine Kathung Farah Ministre de la Culture, Arts et Patrimoines.<\/p>\n\n\n\n<p>Si l&rsquo;art est le moyen de respirer par les mots, et de voyager dans le temps au travers les pens\u00e9es, ce r\u00e9cital in\u00e9dit du spectacle th\u00e9\u00e2trale \u00e9crit par le minist\u00e8re de la culture, Arts et Patrimoines restera longtemps grav\u00e9 dans les esprits des congolais comme une nouvelle histoire de Patrice Lumumba qui vient d&rsquo;\u00eatre racont\u00e9 .<\/p>\n\n\n\n<p>Ils ont r\u00e9pondu tous pr\u00e9sents \u00e0 l&rsquo;invitation ce dimanche 3 juillet 2O22 au mus\u00e9e national pour assister au r\u00e9cital de la premi\u00e8re production th\u00e9\u00e2trale.<\/p>\n\n\n\n<p>Dans son mot de circonstance, la Ministre de la Culture, Arts et Patrimoines a salu\u00e9e ce spectacle. Par ce r\u00e9cital, nous rencontrons la volont\u00e9 du chef de l&rsquo;\u00c9tat, celle de nous faire approprier notre histoire pour une Afrique que nous voulons. Nous mat\u00e9rialisons le voeux de Lumumba celui d&rsquo;\u00e9crire Notre propre histoire par nos artistes culturels, a t-elle dit.<\/p>\n\n\n\n<p>\u00ab\u00a0Nous allons faire parler la sculpture dans la musique. Et ramener le dixi\u00e8me arts moderne de l&rsquo;informatique dans le cin\u00e9ma et la po\u00e9sie. L&rsquo;art de sc\u00e8ne va devenir une r\u00e9alit\u00e9 pour une \u00e9ducation\u00a0\u00bb, souligne la ministre.<\/p>\n\n\n\n<p>Et d&rsquo;ajouter, comme \u00e0 l&rsquo;\u00e9poque grecque et \u00e0 l&rsquo;\u00e9poque romaine avant les Egyptiens et les Juifs nous allons m\u00e9langer les arts. Ce patrimoine nous allons le faire voyager dans le temps et dans l&rsquo;espace. Nous allons r\u00e9v\u00e9ler ses anc\u00eatres les plus lointains et les plus proches. Notre ambition est de r\u00e9v\u00e9ler la lign\u00e9e mythique des trois montagnes devenus des \u00eatres humains dans la Trinit\u00e9 de ENYAMBA WAADE &#8211; ONA, confirme t-elle.<\/p>\n\n\n\n<p>Pour finir, elle invite l&rsquo;assistance dans la r\u00e9flexion autour de ce patrimoine qui est OKIT&rsquo; ASOMBO devenu Patrice Emmery Lumumba, en soi est un patrimoine humanitaire. Mais beaucoup s&rsquo;interroge et ignorent pourquoi ce jeune homme de quatorze ans \u00e9tait d\u00e9j\u00e0 un myst\u00e8re en soi ?<br>Beaucoup ne savent pas pas pourquoi \u00e0 33 , 35 , 36 ans, Lumumba a fait parler de la R\u00e9publique d\u00e9mocratique du Congo, jadis R\u00e9publique du Congo dans le monde?<br>Ce qu&rsquo;il a dit il ya 62ans est encore d&rsquo;actualit\u00e9, a t-elle conclu.<\/p>\n\n\n\n<p>Avant de remercier les professionnels du ballet national et du th\u00e9\u00e2tre national pour avoir mis tous leurs talents \u00e0 la r\u00e9ussite de cette premi\u00e8re production th\u00e9\u00e2trale.<\/p>\n\n\n\n<p>Carl\/Times.cd<\/p>\n","protected":false},"excerpt":{"rendered":"<p>C&rsquo;est la premi\u00e8re \u0153uvre \u00e9crite par le minist\u00e8re de la Culture, Arts et Patrimoines au travers le r\u00e9cital d\u00e9nomm\u00e9 : \u00ab\u00a0il \u00e9tait une fois Lumumba\u00a0\u00bb, a d\u00e9clar\u00e9e Catherine Kathung Farah Ministre de la Culture, Arts et Patrimoines. Si l&rsquo;art est le moyen de respirer par les mots, et de voyager dans le temps au travers [&hellip;]<\/p>\n","protected":false},"author":1,"featured_media":1905,"comment_status":"open","ping_status":"open","sticky":false,"template":"","format":"standard","meta":{"footnotes":""},"categories":[23],"tags":[],"_links":{"self":[{"href":"https:\/\/times.cd\/index.php\/wp-json\/wp\/v2\/posts\/1903"}],"collection":[{"href":"https:\/\/times.cd\/index.php\/wp-json\/wp\/v2\/posts"}],"about":[{"href":"https:\/\/times.cd\/index.php\/wp-json\/wp\/v2\/types\/post"}],"author":[{"embeddable":true,"href":"https:\/\/times.cd\/index.php\/wp-json\/wp\/v2\/users\/1"}],"replies":[{"embeddable":true,"href":"https:\/\/times.cd\/index.php\/wp-json\/wp\/v2\/comments?post=1903"}],"version-history":[{"count":1,"href":"https:\/\/times.cd\/index.php\/wp-json\/wp\/v2\/posts\/1903\/revisions"}],"predecessor-version":[{"id":1906,"href":"https:\/\/times.cd\/index.php\/wp-json\/wp\/v2\/posts\/1903\/revisions\/1906"}],"wp:featuredmedia":[{"embeddable":true,"href":"https:\/\/times.cd\/index.php\/wp-json\/wp\/v2\/media\/1905"}],"wp:attachment":[{"href":"https:\/\/times.cd\/index.php\/wp-json\/wp\/v2\/media?parent=1903"}],"wp:term":[{"taxonomy":"category","embeddable":true,"href":"https:\/\/times.cd\/index.php\/wp-json\/wp\/v2\/categories?post=1903"},{"taxonomy":"post_tag","embeddable":true,"href":"https:\/\/times.cd\/index.php\/wp-json\/wp\/v2\/tags?post=1903"}],"curies":[{"name":"wp","href":"https:\/\/api.w.org\/{rel}","templated":true}]}}