{"id":1896,"date":"2022-07-01T16:33:33","date_gmt":"2022-07-01T16:33:33","guid":{"rendered":"https:\/\/times.cd\/?p=1896"},"modified":"2022-07-01T16:33:34","modified_gmt":"2022-07-01T16:33:34","slug":"rdc-cloture-de-la-formation-de-245-agents-des-unites-de-police-des-mines-au-nord-et-sud-kivu","status":"publish","type":"post","link":"https:\/\/times.cd\/index.php\/2022\/07\/01\/rdc-cloture-de-la-formation-de-245-agents-des-unites-de-police-des-mines-au-nord-et-sud-kivu\/","title":{"rendered":"RDC: Cl\u00f4ture de la formation de 245 agents des unit\u00e9s de police des mines au Nord et Sud-Kivu"},"content":{"rendered":"\n<p><\/p>\n\n\n\n<p>Pour le renforcement de la s\u00e9curit\u00e9 dans les sites miniers et lutter contre le trafic illicite de minerais au Nord et Sud-Kivu<br>&nbsp;<br>Le Gouvernement des Etats-Unis dans le cadre du&nbsp;Partenariat pour la Paix, la Prosp\u00e9rit\u00e9 et la Protection de l\u2019environnement avec&nbsp;le Gouvernement de la R\u00e9publique D\u00e9mocratique du Congo,&nbsp;\u00e0 travers le Bureau de&nbsp;l\u2019International Narcotics and Law Enforcement affairs&nbsp;(INL) du D\u00e9partement d\u2019Etat am\u00e9ricain, l\u2019Organisation internationale pour les migrations (OIM) a proc\u00e9d\u00e9 ce lundi 27 juin 2022 \u00e0 la cl\u00f4ture de la formation de 123 agents de la police \u00e0 Bukavu destin\u00e9s \u00e0 la s\u00e9curisation des sites miniers et \u00e0 la lutte contre le trafic illicite de minerais dans la province du SUD-KIVU. Une c\u00e9r\u00e9monie similaire sera organis\u00e9e \u00e0 Goma le 29 juin 2022, o\u00f9 la formation de 122 autres policiers est en cours d\u2019ach\u00e8vement. Au total, 245 policiers auront b\u00e9n\u00e9fici\u00e9 de ces sessions de formation dans le cadre de la deuxi\u00e8me phase du projet de Police des Mines au Nord Kivu et Sud Kivu.<\/p>\n\n\n\n<p>Au terme de cette deuxi\u00e8me phase, 493 policiers au total (248 \u00e0 la phase 1 et 245 \u00e0 la phase 2) auront b\u00e9n\u00e9fici\u00e9 de ces sessions de renforcement des capacit\u00e9s afin d&rsquo;assurer la gestion de la s\u00e9curit\u00e9 dans et autour des sites des miniers<\/p>\n\n\n\n<p>Ces formations, d\u2019une dur\u00e9e de trois mois, ont \u00e9t\u00e9 ax\u00e9s sur la l\u00e9gislation mini\u00e8re, le commerce et l&rsquo;exploitation responsables des minerais, les infractions mini\u00e8res et le trafic illicite de minerais, le processus d&rsquo;enqu\u00eate pour les infractions mini\u00e8res,&nbsp;&nbsp;les principes de la police de proximit\u00e9, la police administrative et judiciaire, les op\u00e9rations de contr\u00f4le des foules, les droits de l&rsquo;homme et la d\u00e9ontologie polici\u00e8re, la lutte contre le travail illicite des enfants, les violences sexuelles bas\u00e9es sur le genre.&nbsp;Les policiers ont \u00e9galement suivi un module de formation sur&nbsp;le protocole relatif \u00e0 l\u2019organisation et \u00e0 la mission des escadrons de la police des mines en insistant sur le r\u00f4le de la police dans la lutte contre le travail des enfants dans la chaine d\u2019approvisionnement en mini\u00e8re.&nbsp;&nbsp;<br>Durant son allocution lors de la c\u00e9r\u00e9monie de cl\u00f4ture, le directeur de l\u2019Ecole de police Jules Moke, r\u00e9fectionn\u00e9e et \u00e9quip\u00e9e \u00e0 l\u2019occasion de la formation, s\u2019est r\u00e9joui de l\u2019appui dont son \u00e9tablissement a b\u00e9n\u00e9fici\u00e9 dans le cadre du projet&nbsp;: \u00ab&nbsp;La r\u00e9fection totale de l\u2019\u00e9cole Jules Moke donne une bonne visibilit\u00e9 \u00e0 cet \u00e9tablissement. L\u2019Ecole est devenue propre et pr\u00e9sentable. L\u2019\u00e9tablissement vit maintenant. M\u00eame les autorit\u00e9s provinciales nous envient. En ce qui concerne la formation, je suis heureux de savoir que les policiers form\u00e9s dans mon \u00e9cole ont acquis des connaissances sur le respect des droits de l\u2019homme et l\u2019encadrement des enfants dans les mines ainsi que la coop\u00e9ration avec d\u2019autres services miniers&nbsp;\u00bb, a relev\u00e9 le colonel Temetu Elali-Jean,<br>Un des policiers form\u00e9s \u00e0 l\u2019\u00e9cole de Police Jules Moke (Jalo Kiza Charles), a affirm\u00e9 \u00ab Je suis fier de faire partie de cette formation car j\u2019avais r\u00e9ellement des lacunes sur les notions des polices des mines et hydrocarbures. Gr\u00e2ce \u00e0 cette formation, j\u2019ai compris que les femmes enceintes et les enfants ne doivent pas travailler dans les sites miniers. Aujourd\u2019hui, je sais aussi comment s\u2019effectue la chaine d\u2019approvisionnement des minerais. Cela me permettra de mieux effectuer la tra\u00e7abilit\u00e9 des minerais \u00bb,<br>Mis \u00e0 part la formation des policiers, quatre nouveaux commissariats d\u00e9di\u00e9s aux escadrons des mines sont en cours de construction \u00e0 Butembo, Lubero, Numbi et Katogota. Ces ouvrages seront \u00e9quip\u00e9s et mis \u00e0 la disposition des unit\u00e9s nouvellement form\u00e9es et d\u00e9ploy\u00e9es. En 2021, quatre b\u00e2timents neufs avaient d\u00e9j\u00e0 \u00e9t\u00e9 mis en service lors de la premi\u00e8re phase du projet au Nord et au Sud Kivu.<\/p>\n\n\n\n<p>A c\u00f4t\u00e9 de ces infrastructures, des syst\u00e8mes d\u2019approvisionnement en eau seront mis en place pour faciliter acc\u00e8s \u00e0 l\u2019eau potable \u00e0 la population locale et aux services de la Police des Mines. Ces effets multiplicateurs du projet contribuent \u00e9galement au rapprochement entre la population et la police.&nbsp;&nbsp;<\/p>\n\n\n\n<p>Par ailleurs, ce projet contribue \u00e0 renforcer\u00a0les m\u00e9canismes de gouvernance s\u00e9curitaire \u00e0 travers la mise en place de trois nouveaux Conseils Locaux pour la S\u00e9curit\u00e9 de Proximit\u00e9 (CLSP) qui sont des structures permettant de r\u00e9soudre les probl\u00e9matiques s\u00e9curitaires de fa\u00e7on inclusive et participative tout en attenuant les tensions entre les communaut\u00e9s et les acteurs miniers et en travaillant sur la mise en place de plans locaux de s\u00e9curit\u00e9 \u00e9labor\u00e9s et valid\u00e9s notamment dans les zones de Butembo, Lubero et Buhavu. La phase I ayant d\u00e9j\u00e0 permis d\u2019installer des CLSP \u00e0 Rubaya et Walikale au Nord-Kivu ainsi qu&rsquo;\u00e0 Misisi et Kamituga au Sud-Kivu<\/p>\n\n\n\n<p>R\u00e9daction<\/p>\n","protected":false},"excerpt":{"rendered":"<p>Pour le renforcement de la s\u00e9curit\u00e9 dans les sites miniers et lutter contre le trafic illicite de minerais au Nord et Sud-Kivu&nbsp;Le Gouvernement des Etats-Unis dans le cadre du&nbsp;Partenariat pour la Paix, la Prosp\u00e9rit\u00e9 et la Protection de l\u2019environnement avec&nbsp;le Gouvernement de la R\u00e9publique D\u00e9mocratique du Congo,&nbsp;\u00e0 travers le Bureau de&nbsp;l\u2019International Narcotics and Law Enforcement [&hellip;]<\/p>\n","protected":false},"author":1,"featured_media":1897,"comment_status":"open","ping_status":"open","sticky":false,"template":"","format":"standard","meta":{"footnotes":""},"categories":[25],"tags":[],"_links":{"self":[{"href":"https:\/\/times.cd\/index.php\/wp-json\/wp\/v2\/posts\/1896"}],"collection":[{"href":"https:\/\/times.cd\/index.php\/wp-json\/wp\/v2\/posts"}],"about":[{"href":"https:\/\/times.cd\/index.php\/wp-json\/wp\/v2\/types\/post"}],"author":[{"embeddable":true,"href":"https:\/\/times.cd\/index.php\/wp-json\/wp\/v2\/users\/1"}],"replies":[{"embeddable":true,"href":"https:\/\/times.cd\/index.php\/wp-json\/wp\/v2\/comments?post=1896"}],"version-history":[{"count":1,"href":"https:\/\/times.cd\/index.php\/wp-json\/wp\/v2\/posts\/1896\/revisions"}],"predecessor-version":[{"id":1898,"href":"https:\/\/times.cd\/index.php\/wp-json\/wp\/v2\/posts\/1896\/revisions\/1898"}],"wp:featuredmedia":[{"embeddable":true,"href":"https:\/\/times.cd\/index.php\/wp-json\/wp\/v2\/media\/1897"}],"wp:attachment":[{"href":"https:\/\/times.cd\/index.php\/wp-json\/wp\/v2\/media?parent=1896"}],"wp:term":[{"taxonomy":"category","embeddable":true,"href":"https:\/\/times.cd\/index.php\/wp-json\/wp\/v2\/categories?post=1896"},{"taxonomy":"post_tag","embeddable":true,"href":"https:\/\/times.cd\/index.php\/wp-json\/wp\/v2\/tags?post=1896"}],"curies":[{"name":"wp","href":"https:\/\/api.w.org\/{rel}","templated":true}]}}