{"id":1835,"date":"2022-06-17T16:20:38","date_gmt":"2022-06-17T16:20:38","guid":{"rendered":"https:\/\/times.cd\/?p=1835"},"modified":"2022-06-17T16:20:39","modified_gmt":"2022-06-17T16:20:39","slug":"le-festival-international-du-cinema-de-kinshasa-fickin-fixe-ses-dates-pour-la-9-eme-edition","status":"publish","type":"post","link":"https:\/\/times.cd\/index.php\/2022\/06\/17\/le-festival-international-du-cinema-de-kinshasa-fickin-fixe-ses-dates-pour-la-9-eme-edition\/","title":{"rendered":"Le Festival International du Cin\u00e9ma de Kinshasa\u00a0\u00bb Fickin\u00a0\u00bb fixe ses dates pour la 9 \u00e8me \u00e9dition"},"content":{"rendered":"\n<p><\/p>\n\n\n\n<p>Du 02 au 10 jours, 8 jours durant lesquels les cin\u00e9philes vont gouter la saveur, du plus grand festival du cin\u00e9ma de l&rsquo; Afrique centrale, une huitaine des moments fous et dingues autour du 7 \u00e8me art aux traditionnelles places, les grands temples d&rsquo; or de la culture du pays : \u00e0 l&rsquo; Acad\u00e9mie des Beaux Arts et \u00e0 l&rsquo; Institut Fran\u00e7ais de Kinshasa.<\/p>\n\n\n\n<p>Un \u00e9v\u00e9nement haute facture sur la promotion culturelle du cin\u00e9ma national, africain, et d&rsquo; ailleurs.M\u00e9tronome des rencontres des arts lib\u00e9raux et une embouchure des arts.<\/p>\n\n\n\n<p>En fait, le Festival International du cin\u00e9ma de Kinshasa, Fickin, la marque fourmi, est organis\u00e9 par les concours des hommes braves et femmes membres de la Bimpa Production, un cartel qui lutte pour le cin\u00e9ma professionnel au Congo, sous les hospices du r\u00e9alisateur congolais Tshomper Kambabi et la cin\u00e9aste du pays D\u00e9borah Bassa, mais aussi le directeur Ephaim Buyikana, qui va supervis\u00e9 l&rsquo; \u00e9ni\u00e8me \u00e9dition en t\u00e9l\u00e9chargement.<\/p>\n\n\n\n<p>Cependant, la 9 \u00e8me \u00e9dition sera un kit avec gamme des masterclass, atelier de formation sur l&rsquo; \u00e9criture cin\u00e9matographique, l&rsquo; atelier sur la photo\u2026 aux locaux de la Halle de Gombe, entre O5 au 09 juillet.<\/p>\n\n\n\n<p>\u00c0 souligner que, la 9 \u00e8me \u00e9dition a pour parrain le directeur g\u00e9n\u00e9ral de l&rsquo; Acad\u00e9mie des Beaux Arts, le Pr Henry Kalama.<\/p>\n\n\n\n<p>R\u00e9daction<\/p>\n","protected":false},"excerpt":{"rendered":"<p>Du 02 au 10 jours, 8 jours durant lesquels les cin\u00e9philes vont gouter la saveur, du plus grand festival du cin\u00e9ma de l&rsquo; Afrique centrale, une huitaine des moments fous et dingues autour du 7 \u00e8me art aux traditionnelles places, les grands temples d&rsquo; or de la culture du pays : \u00e0 l&rsquo; Acad\u00e9mie des [&hellip;]<\/p>\n","protected":false},"author":1,"featured_media":1836,"comment_status":"open","ping_status":"open","sticky":false,"template":"","format":"standard","meta":{"footnotes":""},"categories":[23],"tags":[],"_links":{"self":[{"href":"https:\/\/times.cd\/index.php\/wp-json\/wp\/v2\/posts\/1835"}],"collection":[{"href":"https:\/\/times.cd\/index.php\/wp-json\/wp\/v2\/posts"}],"about":[{"href":"https:\/\/times.cd\/index.php\/wp-json\/wp\/v2\/types\/post"}],"author":[{"embeddable":true,"href":"https:\/\/times.cd\/index.php\/wp-json\/wp\/v2\/users\/1"}],"replies":[{"embeddable":true,"href":"https:\/\/times.cd\/index.php\/wp-json\/wp\/v2\/comments?post=1835"}],"version-history":[{"count":1,"href":"https:\/\/times.cd\/index.php\/wp-json\/wp\/v2\/posts\/1835\/revisions"}],"predecessor-version":[{"id":1837,"href":"https:\/\/times.cd\/index.php\/wp-json\/wp\/v2\/posts\/1835\/revisions\/1837"}],"wp:featuredmedia":[{"embeddable":true,"href":"https:\/\/times.cd\/index.php\/wp-json\/wp\/v2\/media\/1836"}],"wp:attachment":[{"href":"https:\/\/times.cd\/index.php\/wp-json\/wp\/v2\/media?parent=1835"}],"wp:term":[{"taxonomy":"category","embeddable":true,"href":"https:\/\/times.cd\/index.php\/wp-json\/wp\/v2\/categories?post=1835"},{"taxonomy":"post_tag","embeddable":true,"href":"https:\/\/times.cd\/index.php\/wp-json\/wp\/v2\/tags?post=1835"}],"curies":[{"name":"wp","href":"https:\/\/api.w.org\/{rel}","templated":true}]}}