{"id":1830,"date":"2022-06-16T17:53:37","date_gmt":"2022-06-16T17:53:37","guid":{"rendered":"https:\/\/times.cd\/?p=1830"},"modified":"2022-06-16T17:53:38","modified_gmt":"2022-06-16T17:53:38","slug":"ass-nat-loi-dhabilitation-du-gouvernement-lhonorable-rombau-fumany-soutien-linitiative","status":"publish","type":"post","link":"https:\/\/times.cd\/index.php\/2022\/06\/16\/ass-nat-loi-dhabilitation-du-gouvernement-lhonorable-rombau-fumany-soutien-linitiative\/","title":{"rendered":"Ass.Nat : Loi d&rsquo;habilitation du gouvernement, l&rsquo;Honorable Rombau FUMANY soutien l&rsquo;initiative"},"content":{"rendered":"\n<p>.<\/p>\n\n\n\n<p>Il n&rsquo;est pas all\u00e9 par le dos de la cuill\u00e8re pour apporter son soutien \u00e0 l&rsquo;adoption du projet de loi portant habilitation du gouvernement. L&rsquo;honorable Rombau FUMANY, \u00e9lu de la Province du Kwilu a jug\u00e9 cette initiative d&rsquo;urgente, d&rsquo;autant plus que les \u00e9lus Nationaux se retrouveront en vacances et qu&rsquo;en cette p\u00e9riode de guerre, o\u00f9 l&rsquo;arm\u00e9e nationale fait face aux terroristes du M23 appuy\u00e9s par le Rwanda, il est donc n\u00e9cessaire de donner au pouvoir central la possibilit\u00e9 de l\u00e9gif\u00e9rer en l&rsquo;absence du parlement surtout en ce qui concerne certaines mesures importante \u00e0 prendre touchant \u00e0 la survie de la Nation.<\/p>\n\n\n\n<p>Il regrette que le d\u00e9bat soit si annim\u00e9, donnant l&rsquo;impression comme si l&rsquo;Assembl\u00e9e Nationale cherche \u00e0 laisser la libert\u00e9 au gouvernement de tout faire en l&rsquo;absence du parlement.<\/p>\n\n\n\n<p>Pour lui, le d\u00e9bat c&rsquo;est une pratique parlementaire qu&rsquo;il encourage, mais que cela ne devait pas \u00eatre l&rsquo;occasion de jetter de l&rsquo;opprobre au gouvernement central qui se bat jour et nuit dans la recherche des solutions pour des Congolais.<\/p>\n\n\n\n<p>L&rsquo;honorable Rombau FUMANY a profit\u00e9 de cette occasion pour \u00e9galement apporter son soutien aux Forces arm\u00e9es de la R\u00e9publique D\u00e9mocratique du Congo prises au front en vue de d\u00e9fendre l&rsquo;int\u00e9grit\u00e9 Territoriale et d&rsquo;appeler tous les Congolais \u00e0 un sursaut d&rsquo;orgueil Patriotique.<br>Yannick Boeka<\/p>\n","protected":false},"excerpt":{"rendered":"<p>. Il n&rsquo;est pas all\u00e9 par le dos de la cuill\u00e8re pour apporter son soutien \u00e0 l&rsquo;adoption du projet de loi portant habilitation du gouvernement. L&rsquo;honorable Rombau FUMANY, \u00e9lu de la Province du Kwilu a jug\u00e9 cette initiative d&rsquo;urgente, d&rsquo;autant plus que les \u00e9lus Nationaux se retrouveront en vacances et qu&rsquo;en cette p\u00e9riode de guerre, [&hellip;]<\/p>\n","protected":false},"author":1,"featured_media":1831,"comment_status":"open","ping_status":"open","sticky":false,"template":"","format":"standard","meta":{"footnotes":""},"categories":[25],"tags":[],"_links":{"self":[{"href":"https:\/\/times.cd\/index.php\/wp-json\/wp\/v2\/posts\/1830"}],"collection":[{"href":"https:\/\/times.cd\/index.php\/wp-json\/wp\/v2\/posts"}],"about":[{"href":"https:\/\/times.cd\/index.php\/wp-json\/wp\/v2\/types\/post"}],"author":[{"embeddable":true,"href":"https:\/\/times.cd\/index.php\/wp-json\/wp\/v2\/users\/1"}],"replies":[{"embeddable":true,"href":"https:\/\/times.cd\/index.php\/wp-json\/wp\/v2\/comments?post=1830"}],"version-history":[{"count":1,"href":"https:\/\/times.cd\/index.php\/wp-json\/wp\/v2\/posts\/1830\/revisions"}],"predecessor-version":[{"id":1832,"href":"https:\/\/times.cd\/index.php\/wp-json\/wp\/v2\/posts\/1830\/revisions\/1832"}],"wp:featuredmedia":[{"embeddable":true,"href":"https:\/\/times.cd\/index.php\/wp-json\/wp\/v2\/media\/1831"}],"wp:attachment":[{"href":"https:\/\/times.cd\/index.php\/wp-json\/wp\/v2\/media?parent=1830"}],"wp:term":[{"taxonomy":"category","embeddable":true,"href":"https:\/\/times.cd\/index.php\/wp-json\/wp\/v2\/categories?post=1830"},{"taxonomy":"post_tag","embeddable":true,"href":"https:\/\/times.cd\/index.php\/wp-json\/wp\/v2\/tags?post=1830"}],"curies":[{"name":"wp","href":"https:\/\/api.w.org\/{rel}","templated":true}]}}