{"id":1827,"date":"2022-06-16T17:10:15","date_gmt":"2022-06-16T17:10:15","guid":{"rendered":"https:\/\/times.cd\/?p=1827"},"modified":"2022-06-16T17:10:16","modified_gmt":"2022-06-16T17:10:16","slug":"ass-nat-loi-sur-la-programmation-militaire-lhonorable-jean-mbuyu-denonce-le-manque-de-la-procedure","status":"publish","type":"post","link":"https:\/\/times.cd\/index.php\/2022\/06\/16\/ass-nat-loi-sur-la-programmation-militaire-lhonorable-jean-mbuyu-denonce-le-manque-de-la-procedure\/","title":{"rendered":"Ass.Nat : Loi sur la programmation militaire, l&rsquo;honorable Jean Mbuyu d\u00e9nonce le manque de la proc\u00e9dure"},"content":{"rendered":"\n<p>Fort de son exp\u00e9rience de l&rsquo;ancien vice-pr\u00e9sident de la commission d\u00e9fense et s\u00e9curit\u00e9 de l&rsquo;Assembl\u00e9e Nationale, l&rsquo;honorable Jean Mbuyu n&rsquo;a pas trouv\u00e9 le caract\u00e8re urgent de l&rsquo;examen et vote du projet de loi portant Programmation militaire 2022-2024.<\/p>\n\n\n\n<p>Il l&rsquo;a fait savoir le mardi 14 Juin 2022 devant les professionnels de M\u00e9dias \u00e0 l&rsquo;h\u00e9micycle du Palais du peuple \u00e0 l&rsquo;occasion du d\u00e9bat g\u00e9n\u00e9ral suscit\u00e9 lors de l&rsquo;examen et vote de ce projet de loi pr\u00e9sent\u00e9 par le gouvernement de la R\u00e9publique.<\/p>\n\n\n\n<p>Pour l&rsquo;honorable Jean Mbuyu, la loi sur la programmation militaire fait intervenir plusieurs acteurs et secteurs dont le minist\u00e8re des Finances et celui du budge, car il faut d\u00e9finir une ligne budg\u00e9taire claire et nette en vue de permettre aux forces de d\u00e9fense d&rsquo;\u00eatre en mesure de s&rsquo;auto-suffire.<\/p>\n\n\n\n<p>Aussi, concernant la loi d&rsquo;habilitation d\u00e9fendue le m\u00eame jour, Jean Mbuyu la jug\u00e9e inopportune car, les D\u00e9put\u00e9s Nationaux seront en vacances parlementaire, ce qui donnerait l&rsquo;occasion au gouvernement de tout se permettre surtout en ce moment o\u00f9 le pays fait face \u00e0 une agression \u00e9trang\u00e8re.<\/p>\n\n\n\n<p>Yannick Beaka\/Times.cd<\/p>\n","protected":false},"excerpt":{"rendered":"<p>Fort de son exp\u00e9rience de l&rsquo;ancien vice-pr\u00e9sident de la commission d\u00e9fense et s\u00e9curit\u00e9 de l&rsquo;Assembl\u00e9e Nationale, l&rsquo;honorable Jean Mbuyu n&rsquo;a pas trouv\u00e9 le caract\u00e8re urgent de l&rsquo;examen et vote du projet de loi portant Programmation militaire 2022-2024. Il l&rsquo;a fait savoir le mardi 14 Juin 2022 devant les professionnels de M\u00e9dias \u00e0 l&rsquo;h\u00e9micycle du Palais [&hellip;]<\/p>\n","protected":false},"author":1,"featured_media":1828,"comment_status":"open","ping_status":"open","sticky":false,"template":"","format":"standard","meta":{"footnotes":""},"categories":[25],"tags":[],"_links":{"self":[{"href":"https:\/\/times.cd\/index.php\/wp-json\/wp\/v2\/posts\/1827"}],"collection":[{"href":"https:\/\/times.cd\/index.php\/wp-json\/wp\/v2\/posts"}],"about":[{"href":"https:\/\/times.cd\/index.php\/wp-json\/wp\/v2\/types\/post"}],"author":[{"embeddable":true,"href":"https:\/\/times.cd\/index.php\/wp-json\/wp\/v2\/users\/1"}],"replies":[{"embeddable":true,"href":"https:\/\/times.cd\/index.php\/wp-json\/wp\/v2\/comments?post=1827"}],"version-history":[{"count":1,"href":"https:\/\/times.cd\/index.php\/wp-json\/wp\/v2\/posts\/1827\/revisions"}],"predecessor-version":[{"id":1829,"href":"https:\/\/times.cd\/index.php\/wp-json\/wp\/v2\/posts\/1827\/revisions\/1829"}],"wp:featuredmedia":[{"embeddable":true,"href":"https:\/\/times.cd\/index.php\/wp-json\/wp\/v2\/media\/1828"}],"wp:attachment":[{"href":"https:\/\/times.cd\/index.php\/wp-json\/wp\/v2\/media?parent=1827"}],"wp:term":[{"taxonomy":"category","embeddable":true,"href":"https:\/\/times.cd\/index.php\/wp-json\/wp\/v2\/categories?post=1827"},{"taxonomy":"post_tag","embeddable":true,"href":"https:\/\/times.cd\/index.php\/wp-json\/wp\/v2\/tags?post=1827"}],"curies":[{"name":"wp","href":"https:\/\/api.w.org\/{rel}","templated":true}]}}