{"id":1824,"date":"2022-06-16T16:45:30","date_gmt":"2022-06-16T16:45:30","guid":{"rendered":"https:\/\/times.cd\/?p=1824"},"modified":"2022-06-16T16:45:30","modified_gmt":"2022-06-16T16:45:30","slug":"crise-dans-lest-du-pays-felix-tshisekedi-est-aussi-victime-honorable-freddy-mbakata","status":"publish","type":"post","link":"https:\/\/times.cd\/index.php\/2022\/06\/16\/crise-dans-lest-du-pays-felix-tshisekedi-est-aussi-victime-honorable-freddy-mbakata\/","title":{"rendered":"Crise dans l&rsquo;Est du pays: \u00ab\u00a0F\u00e9lix Tshisekedi est aussi victime\u00a0\u00bb, (honorable Fr\u00e9ddy Mbakata )"},"content":{"rendered":"\n<p><\/p>\n\n\n\n<p><\/p>\n\n\n\n<p>Il l&rsquo;a dit le mardi 14 Juin 2022 \u00e0 l&rsquo;Assembl\u00e9e Nationale lors du d\u00e9bat g\u00e9n\u00e9ral du projet de loi portant habilitation du gouvernement par les D\u00e9put\u00e9s Nationaux.<\/p>\n\n\n\n<p>Dans un ton ferme, l&rsquo;honorable Fr\u00e9ddy Mbakata a appel\u00e9 ses coll\u00e8gues \u00e0 voter massivement ce projet de loi tel que pr\u00e9sent\u00e9 par le Gouvernement, surtout en cette p\u00e9riode o\u00f9 le pays fait face \u00e0 l&rsquo;agression Rwandaise par l&rsquo;entremise du M23.<\/p>\n\n\n\n<p>Pour cet \u00e9lu de la Tshangu \u00e0 Kinshasa, c&rsquo;est en ce moment que nous devons nous montrer solidaire envers le Chef de l&rsquo;\u00c9tat qui est aussi victime de cette situation. Une situation qu&rsquo;il a trouv\u00e9 et qu&rsquo;il se bat par tous les moyens pour apporter une solution durable.<\/p>\n\n\n\n<p>S&rsquo;attaquant \u00e0 l&rsquo;opposition, l&rsquo;honorable Fr\u00e9ddy Mbakata s&rsquo;est demand\u00e9, \u00ab\u00a0comment ceux qui sont \u00e0 la base de ce chaos peuvent aujourd&rsquo;hui pousser avec insistance l&rsquo;actuel Chef de l&rsquo;\u00c9tat \u00e0 trouver une solution imm\u00e9diate \u00e0 cette crise que lui aussi a trouv\u00e9\u00a0\u00bb ?<\/p>\n\n\n\n<p>Pour lui, il est n\u00e9cessaire que pendant la p\u00e9riode des vacances parlementaire que le Gouvernement soit dot\u00e9 de cette loi d&rsquo;habilitation afin de lui permettre de l\u00e9gif\u00e9rer \u00e0 l&rsquo;absence du parlement dans cette p\u00e9riode difficile de l&rsquo;histoire de notre pays.<\/p>\n\n\n\n<p>Yannick Boeka<\/p>\n","protected":false},"excerpt":{"rendered":"<p>Il l&rsquo;a dit le mardi 14 Juin 2022 \u00e0 l&rsquo;Assembl\u00e9e Nationale lors du d\u00e9bat g\u00e9n\u00e9ral du projet de loi portant habilitation du gouvernement par les D\u00e9put\u00e9s Nationaux. Dans un ton ferme, l&rsquo;honorable Fr\u00e9ddy Mbakata a appel\u00e9 ses coll\u00e8gues \u00e0 voter massivement ce projet de loi tel que pr\u00e9sent\u00e9 par le Gouvernement, surtout en cette p\u00e9riode [&hellip;]<\/p>\n","protected":false},"author":1,"featured_media":1825,"comment_status":"open","ping_status":"open","sticky":false,"template":"","format":"standard","meta":{"footnotes":""},"categories":[25],"tags":[],"_links":{"self":[{"href":"https:\/\/times.cd\/index.php\/wp-json\/wp\/v2\/posts\/1824"}],"collection":[{"href":"https:\/\/times.cd\/index.php\/wp-json\/wp\/v2\/posts"}],"about":[{"href":"https:\/\/times.cd\/index.php\/wp-json\/wp\/v2\/types\/post"}],"author":[{"embeddable":true,"href":"https:\/\/times.cd\/index.php\/wp-json\/wp\/v2\/users\/1"}],"replies":[{"embeddable":true,"href":"https:\/\/times.cd\/index.php\/wp-json\/wp\/v2\/comments?post=1824"}],"version-history":[{"count":1,"href":"https:\/\/times.cd\/index.php\/wp-json\/wp\/v2\/posts\/1824\/revisions"}],"predecessor-version":[{"id":1826,"href":"https:\/\/times.cd\/index.php\/wp-json\/wp\/v2\/posts\/1824\/revisions\/1826"}],"wp:featuredmedia":[{"embeddable":true,"href":"https:\/\/times.cd\/index.php\/wp-json\/wp\/v2\/media\/1825"}],"wp:attachment":[{"href":"https:\/\/times.cd\/index.php\/wp-json\/wp\/v2\/media?parent=1824"}],"wp:term":[{"taxonomy":"category","embeddable":true,"href":"https:\/\/times.cd\/index.php\/wp-json\/wp\/v2\/categories?post=1824"},{"taxonomy":"post_tag","embeddable":true,"href":"https:\/\/times.cd\/index.php\/wp-json\/wp\/v2\/tags?post=1824"}],"curies":[{"name":"wp","href":"https:\/\/api.w.org\/{rel}","templated":true}]}}