{"id":1790,"date":"2022-06-12T00:05:07","date_gmt":"2022-06-12T00:05:07","guid":{"rendered":"https:\/\/times.cd\/?p=1790"},"modified":"2022-06-12T00:05:08","modified_gmt":"2022-06-12T00:05:08","slug":"nord-kivu-quatre-nouveaux-civils-tues-par-les-adf-a-kokola","status":"publish","type":"post","link":"https:\/\/times.cd\/index.php\/2022\/06\/12\/nord-kivu-quatre-nouveaux-civils-tues-par-les-adf-a-kokola\/","title":{"rendered":"Nord-Kivu : Quatre nouveaux civils tu\u00e9s par les ADF \u00e0 Kokola"},"content":{"rendered":"\n<p><\/p>\n\n\n\n<p><\/p>\n\n\n\n<p>Les rebelles des Forces d\u00e9mocratiques et Alli\u00e9s ADF int sign\u00e9 ce samedi 11 juin 2022, une nouvelle incursion \u00e0 Kokola pr\u00eat de Maimoya dans groupement de Bambuba-kisiki en territoire de BENI.<\/p>\n\n\n\n<p>Au cours de cette nouvelle attaque, 4 nouvelles personnes ont p\u00e9ri. Ce Bilan est encore provisoire vue que l&rsquo;enemie a surpris les agriculteurs dans les champs, indique Monsieur Edmond Kathya Muzaliwa rapporteur du groupe de pression Verand \u00e0 Mutsanga section de Oicha chef lieu du territoire de BENI :<\/p>\n\n\n\n<p>\u00ab\u00a0personnellement je viens de compter 4 corps, deux hommes et deux femmes. Ce Bilan est encore provisoire. L&rsquo;enemie a surpris un groupe d&rsquo;agriculteurs en pleine for\u00eat, elle les a attach\u00e9 puis ex\u00e9cut\u00e9 un apr\u00e8s l&rsquo;autre tout pr\u00eat du village\u00a0\u00bb rapporte cet activiste.<\/p>\n\n\n\n<p>Les 4 corps ont \u00e9t\u00e9 d\u00e9pos\u00e9s \u00e0 la morgue de l&rsquo;h\u00f4pital de Maimoya.<\/p>\n\n\n\n<p>Cependant plusieurs habitants des villages de Maimoya et ses environs se d\u00e9placent vers les milieux suppos\u00e9s s\u00e9curis\u00e9s.<\/p>\n\n\n\n<p>Cette uni\u00e8me attaque des rebelles de l&rsquo;ADF survient quelques jours apr\u00e8s la tenue \u00e0 OICHA d&rsquo;une rencontre entre les commandements des op\u00e9rations militaires Sokola 1 grand Nord Kivu et Ituri sous l&rsquo;inspection du g\u00e9n\u00e9ral Major Bombele commandant des op\u00e9rations conjointes FARDC-UPDF.<\/p>\n\n\n\n<p>Reppelons que, cette rencontre qui a dur\u00e9e deux jours avait pour but de planifier ensemble des nouvelles strat\u00e9gies de neutralisation des rebelles de l&rsquo;ADF qui endeuillent plusieurs familles \u00e0 Beni et Ituri.<\/p>\n\n\n\n<p>Dieumerci Mumbere<\/p>\n","protected":false},"excerpt":{"rendered":"<p>Les rebelles des Forces d\u00e9mocratiques et Alli\u00e9s ADF int sign\u00e9 ce samedi 11 juin 2022, une nouvelle incursion \u00e0 Kokola pr\u00eat de Maimoya dans groupement de Bambuba-kisiki en territoire de BENI. Au cours de cette nouvelle attaque, 4 nouvelles personnes ont p\u00e9ri. Ce Bilan est encore provisoire vue que l&rsquo;enemie a surpris les agriculteurs dans [&hellip;]<\/p>\n","protected":false},"author":1,"featured_media":1792,"comment_status":"open","ping_status":"open","sticky":false,"template":"","format":"standard","meta":{"footnotes":""},"categories":[25],"tags":[],"_links":{"self":[{"href":"https:\/\/times.cd\/index.php\/wp-json\/wp\/v2\/posts\/1790"}],"collection":[{"href":"https:\/\/times.cd\/index.php\/wp-json\/wp\/v2\/posts"}],"about":[{"href":"https:\/\/times.cd\/index.php\/wp-json\/wp\/v2\/types\/post"}],"author":[{"embeddable":true,"href":"https:\/\/times.cd\/index.php\/wp-json\/wp\/v2\/users\/1"}],"replies":[{"embeddable":true,"href":"https:\/\/times.cd\/index.php\/wp-json\/wp\/v2\/comments?post=1790"}],"version-history":[{"count":1,"href":"https:\/\/times.cd\/index.php\/wp-json\/wp\/v2\/posts\/1790\/revisions"}],"predecessor-version":[{"id":1793,"href":"https:\/\/times.cd\/index.php\/wp-json\/wp\/v2\/posts\/1790\/revisions\/1793"}],"wp:featuredmedia":[{"embeddable":true,"href":"https:\/\/times.cd\/index.php\/wp-json\/wp\/v2\/media\/1792"}],"wp:attachment":[{"href":"https:\/\/times.cd\/index.php\/wp-json\/wp\/v2\/media?parent=1790"}],"wp:term":[{"taxonomy":"category","embeddable":true,"href":"https:\/\/times.cd\/index.php\/wp-json\/wp\/v2\/categories?post=1790"},{"taxonomy":"post_tag","embeddable":true,"href":"https:\/\/times.cd\/index.php\/wp-json\/wp\/v2\/tags?post=1790"}],"curies":[{"name":"wp","href":"https:\/\/api.w.org\/{rel}","templated":true}]}}