{"id":1710,"date":"2022-05-29T15:23:27","date_gmt":"2022-05-29T15:23:27","guid":{"rendered":"https:\/\/times.cd\/?p=1710"},"modified":"2022-05-29T15:23:28","modified_gmt":"2022-05-29T15:23:28","slug":"kinshasa-cloture-de-la-6e-edition-du-festival-international-du-film-europeen","status":"publish","type":"post","link":"https:\/\/times.cd\/index.php\/2022\/05\/29\/kinshasa-cloture-de-la-6e-edition-du-festival-international-du-film-europeen\/","title":{"rendered":"Kinshasa : cl\u00f4ture de la 6\u00e9 \u00e9dition du Festival International du film Europ\u00e9en"},"content":{"rendered":"\n<p><\/p>\n\n\n\n<p><\/p>\n\n\n\n<p>La c\u00e9r\u00e9monie de la cl\u00f4ture de la 6\u00e8 \u00e9dition du Festival du Film Europ\u00e9en a eu lieu \u00e0 la Halle de la Gombe.<\/p>\n\n\n\n<p>Devant les autorit\u00e9s consulaires europ\u00e9ennees, du reste le monde du 7\u00e8me art du Vieux Continent et de la R\u00e9publique D\u00e9mocratique du Congo.<br>Cependant,<br>comme le veut la tradition, plusieurs films \u00e9taient visualis\u00e9s et projet\u00e9s du haut du podium, notamment le film \u00ab\u00a0Marguerite \u00a0\u00bb du r\u00e9alisateur fran\u00e7ais, Xavier Gianolli avec la grande \u00e9toile du Cin\u00e9ma fran\u00e7ais, Catherine Frot, qui s&rsquo; est d\u00e9plac\u00e9e de Paris pour honorer le public \u00e0 Kinshasa, \u00e9tait en honneur.<\/p>\n\n\n\n<p>Applaudi par le public, \u00a0\u00bb Marguerite \u00ab\u00a0, le synopsis d&rsquo;une cantatrice, Marguerite Dumont, des ann\u00e9es 20, qui s&rsquo; \u00e9prise \u00e9perdument entre son amour et l&rsquo;op\u00e9ra.<\/p>\n\n\n\n<p>Gen\u00e8se et d\u00e9veloppement du Film<\/p>\n\n\n\n<p>\u00c0 Paris , dans les ann\u00e9es 1920 . Marguerite est<br>une aristocrate vieillissante, passionn\u00e9e de<br>musique. Persuad\u00e9e de son talent, elle a plaisir<br>\u00e0 chanter devant ses amis \u00e0 son domicile,<br>mais elle chante excessivement faux, et ni ses<br>amis ni son mari n&rsquo;osent lui dire la v\u00e9rit\u00e9. Un<br>jour, elle d\u00e9cide de chanter \u00e0 l&rsquo;op\u00e9ra devant un<br>vrai public, elle engage donc comme professeur<br>de chant Atos Pezzini, un chanteur d&rsquo;op\u00e9ra sur<br>le retour.<\/p>\n\n\n\n<p>\u00c0 noter, la mention du film de poche, est r\u00e9serv\u00e9e par le jury aux films des court-m\u00e9trages des locaux, le prix du Jury remport\u00e9 par Jonathan Buambasi \u00e0 travers son film \u00ab\u00a0Toi seul la vivra.<br>Et Matiti de Koko Buamungu en deuxi\u00e8me position.<\/p>\n\n\n\n<p>Barca Orly<\/p>\n","protected":false},"excerpt":{"rendered":"<p>La c\u00e9r\u00e9monie de la cl\u00f4ture de la 6\u00e8 \u00e9dition du Festival du Film Europ\u00e9en a eu lieu \u00e0 la Halle de la Gombe. Devant les autorit\u00e9s consulaires europ\u00e9ennees, du reste le monde du 7\u00e8me art du Vieux Continent et de la R\u00e9publique D\u00e9mocratique du Congo.Cependant,comme le veut la tradition, plusieurs films \u00e9taient visualis\u00e9s et projet\u00e9s [&hellip;]<\/p>\n","protected":false},"author":1,"featured_media":1711,"comment_status":"open","ping_status":"open","sticky":false,"template":"","format":"standard","meta":{"footnotes":""},"categories":[23],"tags":[],"_links":{"self":[{"href":"https:\/\/times.cd\/index.php\/wp-json\/wp\/v2\/posts\/1710"}],"collection":[{"href":"https:\/\/times.cd\/index.php\/wp-json\/wp\/v2\/posts"}],"about":[{"href":"https:\/\/times.cd\/index.php\/wp-json\/wp\/v2\/types\/post"}],"author":[{"embeddable":true,"href":"https:\/\/times.cd\/index.php\/wp-json\/wp\/v2\/users\/1"}],"replies":[{"embeddable":true,"href":"https:\/\/times.cd\/index.php\/wp-json\/wp\/v2\/comments?post=1710"}],"version-history":[{"count":1,"href":"https:\/\/times.cd\/index.php\/wp-json\/wp\/v2\/posts\/1710\/revisions"}],"predecessor-version":[{"id":1712,"href":"https:\/\/times.cd\/index.php\/wp-json\/wp\/v2\/posts\/1710\/revisions\/1712"}],"wp:featuredmedia":[{"embeddable":true,"href":"https:\/\/times.cd\/index.php\/wp-json\/wp\/v2\/media\/1711"}],"wp:attachment":[{"href":"https:\/\/times.cd\/index.php\/wp-json\/wp\/v2\/media?parent=1710"}],"wp:term":[{"taxonomy":"category","embeddable":true,"href":"https:\/\/times.cd\/index.php\/wp-json\/wp\/v2\/categories?post=1710"},{"taxonomy":"post_tag","embeddable":true,"href":"https:\/\/times.cd\/index.php\/wp-json\/wp\/v2\/tags?post=1710"}],"curies":[{"name":"wp","href":"https:\/\/api.w.org\/{rel}","templated":true}]}}