{"id":1704,"date":"2022-05-28T09:48:17","date_gmt":"2022-05-28T09:48:17","guid":{"rendered":"https:\/\/times.cd\/?p=1704"},"modified":"2022-05-28T09:48:18","modified_gmt":"2022-05-28T09:48:18","slug":"le-proces-de-jesus-la-plaidoirie-que-son-avocat-aurait-prononcee-ouvrage-de-me-guy-diomi-ndongala-porte-aux-fonts-baptismaux","status":"publish","type":"post","link":"https:\/\/times.cd\/index.php\/2022\/05\/28\/le-proces-de-jesus-la-plaidoirie-que-son-avocat-aurait-prononcee-ouvrage-de-me-guy-diomi-ndongala-porte-aux-fonts-baptismaux\/","title":{"rendered":"Le Proc\u00e8s de Jesus. la Plaidoirie que son avocat aurait prononc\u00e9e, ouvrage de Me Guy Diomi Ndongala port\u00e9 aux fonts baptismaux"},"content":{"rendered":"\n<p>Apr\u00e8s une s\u00e9rie de la recension bross\u00e9e du livre par la voix d&rsquo;un religieux, une main expertise, en personne de l&rsquo;Abb\u00e9 Jos\u00e9e Mpundu, pr\u00eatre de la dioc\u00e8se de Kinshasa, qui a la critique de l&rsquo;ouvrage, ce vendredi 27 mai 2022 \u00e0 la Grande salle de la Biblioth\u00e8que du Centre Wallonie- Bruxelles, Kinshasa- Gombe.<\/p>\n\n\n\n<p>le sacrement<br>de bapt\u00eame \u00e0 cette derni\u00e8re n\u00e9e de la litt\u00e9rature congolaise est administr\u00e9e par sa marraine, Madame Marthe Musambwu, qui a souhait\u00e9e \u00e0 l&rsquo;occurrence, bon vent \u00e0 cette nouveau- n\u00e9e ( l&rsquo; auteur disait c&rsquo;est une fille que la sage- femme va couper le cordon ombilical ).<\/p>\n\n\n\n<p>Sinon, dans la plupart des \u00e9crits sur le proc\u00e8s<br>de J\u00e9sus se d\u00e9gage une constance : c&rsquo;est<br>l&rsquo;anath\u00e8me lanc\u00e9 sur ce qui est retenu<br>comme \u00ab une parodie \u00bb de justice, \u00ab le<br>crime le plus inf\u00e2me de l&rsquo;histoire \u00bb, \u00ab un<br>meurtre judiciaire \u00bb. En abordant cette<br>\u00e9tude critique sur ce proc\u00e8s, l&rsquo;auteur sort<br>des sentiers battus. Il veut d\u00e9montrer en<br>quoi la crucifixion de J\u00e9sus-Christ peut<br>\u00eatre effectivement consid\u00e9r\u00e9e comme un<br>meurtre judiciaire.<br>Pourrait-on pr\u00e9tendre le contraire lorsque<br>l&rsquo;on sait que le verdict de culpabilit\u00e9 en<br>cette cause \u00e9tait acquis d&rsquo;office ? Et<br>pourtant, conform\u00e9ment \u00e0 la proc\u00e9dure<br>criminelle de l&rsquo;\u00e9poque, l&rsquo;un des membres<br>du Sanh\u00e9drin devait se commettre d&rsquo;office<br>pour assurer la d\u00e9fense du pr\u00e9venu. Bien<br>plus, selon la r\u00e8gle, lorsqu&rsquo;un verdict<br>unanime de culpabilit\u00e9 \u00e9tait rendu sans<br>qu&rsquo;au moins un juge ne pr\u00e9sente<br>d&rsquo;arguments en faveur de l&rsquo;accus\u00e9, il<br>n&rsquo;\u00e9tait pas valid\u00e9 mais \u00e9tait tenu pour<br>l&rsquo;indice d&rsquo;un complot.<br>En d\u00e9finitive, \u00e0 travers la plaidoirie de<br>l&rsquo;avocat de la d\u00e9fense de J\u00e9sus-Christ en<br>l&rsquo;occurrence, l&rsquo;auteur met en exergue le<br>fait que, malgr\u00e9 le d\u00e9corum judiciaire,<br>nombreuses sont les violations de la loi<br>dans ce plus grand proc\u00e8s de l&rsquo;histoire de<br>l&rsquo;humanit\u00e9. Bien plus, il reconna\u00eet que<br>cette entreprise est quasiment vou\u00e9e \u00e0<br>l&rsquo;\u00e9chec. En effet, \u00e0 quel r\u00e9sultat pouvait<br>aboutir l&rsquo;avocat le plus talentueux en<br>cette cause lorsque sa d\u00e9termination<br>d&rsquo;innocenter J\u00e9sus-Christ se heurte \u00e0 sa<br>pr\u00e9destination qui, selon la volont\u00e9 du<br>P\u00e8re c\u00e9leste, \u00e9tait de mourir sur la Croix<br>au Golgotha en sacrifice expiatoire pour la<br>r\u00e9demption de l&rsquo;humanit\u00e9 ?<\/p>\n\n\n\n<p>Il sied de noter, le dessin qui porte le langage s\u00e9mantique et s\u00e9miotique sur scripturale de c&rsquo; est roman, est de petit Phillipe, \u00e2g\u00e9 de 18 ans, fils de l&rsquo; auteur, \u00e9l\u00e8ve au Coll\u00e8ge St Joseph\/ Elikya de la Gombe, qui esp\u00e8re de devenir ecrivain comme son p\u00e8re.<br>\u00e0 t- il dit devant le lutrin de la salle biblioth\u00e8que.<\/p>\n\n\n\n<p>Guy Diomi Ndongala est licenci\u00e9 en droit<br>de l&rsquo;Universit\u00e9 catholique de Louvain<br>(UCL), licenci\u00e9 sp\u00e9cial en droit<br>international de l&rsquo;Universit\u00e9 libre de<br>Bruxelles (ULB), auditeur au Centre<br>d&rsquo;\u00c9tudes Diplomatiques et Strat\u00e9giques de<br>Paris au Cycle d&rsquo;Enseignement<br>Diplomatique Sup\u00e9rieur et avocat au<br>barreau pr\u00e8s la Cour d&rsquo;Appel de Kinshasa\/<br>Gombe. Il est \u00e9galement formateur \u00e0<br>l&rsquo;Acad\u00e9mie diplomatique congolaise.<br>\u00c9crivain (essayiste et romancier), il est<br>auteur de plusieurs publications en<br>mati\u00e8res g\u00e9opolitiques et<br>g\u00e9ostrat\u00e9giques.<\/p>\n\n\n\n<p>Barca Ngantshie<\/p>\n","protected":false},"excerpt":{"rendered":"<p>Apr\u00e8s une s\u00e9rie de la recension bross\u00e9e du livre par la voix d&rsquo;un religieux, une main expertise, en personne de l&rsquo;Abb\u00e9 Jos\u00e9e Mpundu, pr\u00eatre de la dioc\u00e8se de Kinshasa, qui a la critique de l&rsquo;ouvrage, ce vendredi 27 mai 2022 \u00e0 la Grande salle de la Biblioth\u00e8que du Centre Wallonie- Bruxelles, Kinshasa- Gombe. le sacrementde [&hellip;]<\/p>\n","protected":false},"author":1,"featured_media":1705,"comment_status":"open","ping_status":"open","sticky":false,"template":"","format":"standard","meta":{"footnotes":""},"categories":[23],"tags":[],"_links":{"self":[{"href":"https:\/\/times.cd\/index.php\/wp-json\/wp\/v2\/posts\/1704"}],"collection":[{"href":"https:\/\/times.cd\/index.php\/wp-json\/wp\/v2\/posts"}],"about":[{"href":"https:\/\/times.cd\/index.php\/wp-json\/wp\/v2\/types\/post"}],"author":[{"embeddable":true,"href":"https:\/\/times.cd\/index.php\/wp-json\/wp\/v2\/users\/1"}],"replies":[{"embeddable":true,"href":"https:\/\/times.cd\/index.php\/wp-json\/wp\/v2\/comments?post=1704"}],"version-history":[{"count":1,"href":"https:\/\/times.cd\/index.php\/wp-json\/wp\/v2\/posts\/1704\/revisions"}],"predecessor-version":[{"id":1706,"href":"https:\/\/times.cd\/index.php\/wp-json\/wp\/v2\/posts\/1704\/revisions\/1706"}],"wp:featuredmedia":[{"embeddable":true,"href":"https:\/\/times.cd\/index.php\/wp-json\/wp\/v2\/media\/1705"}],"wp:attachment":[{"href":"https:\/\/times.cd\/index.php\/wp-json\/wp\/v2\/media?parent=1704"}],"wp:term":[{"taxonomy":"category","embeddable":true,"href":"https:\/\/times.cd\/index.php\/wp-json\/wp\/v2\/categories?post=1704"},{"taxonomy":"post_tag","embeddable":true,"href":"https:\/\/times.cd\/index.php\/wp-json\/wp\/v2\/tags?post=1704"}],"curies":[{"name":"wp","href":"https:\/\/api.w.org\/{rel}","templated":true}]}}