{"id":1673,"date":"2022-05-25T12:06:02","date_gmt":"2022-05-25T12:06:02","guid":{"rendered":"https:\/\/times.cd\/?p=1673"},"modified":"2022-05-25T12:06:03","modified_gmt":"2022-05-25T12:06:03","slug":"25-mai-2022-les-kimbaguistes-du-monde-entier-fetent-leur-noel","status":"publish","type":"post","link":"https:\/\/times.cd\/index.php\/2022\/05\/25\/25-mai-2022-les-kimbaguistes-du-monde-entier-fetent-leur-noel\/","title":{"rendered":"25 Mai 2022, les kimbaguistes du monde entier f\u00eatent leur No\u00ebl"},"content":{"rendered":"\n<p><\/p>\n\n\n\n<p>La Grande communaut\u00e9 Kimbaguiste c\u00e9l\u00e8bre la journ\u00e9e du mercredi 25 mai, selon leur calendrier, la f\u00eate de No\u00ebl en m\u00e9moire de la naissance du p\u00e8re spirituel \u00ab\u00a0Papa\u00a0\u00bb Salomon Dialugana Kiangani\u00a0\u00bb, appel\u00e9 commun\u00e9ment Mfumu &lsquo; Ambanza, deuxi\u00e8me fils du proph\u00e8te Simon Kimbangu et Marie Muilu Kiwanga n\u00e9 le 25 mai1925<\/p>\n\n\n\n<p>Les rues de Kinshasa seront color\u00e9es en vert et blanc, quoi donc?<br>les fid\u00e8les de l&rsquo;\u00c9glise Kimbaguistes vont abonder les grandes art\u00e8res de la capitale, en vue de c\u00e9l\u00e8brer la No\u00ebl Kimbanguiste, les ann\u00e9es durant, la deuxi\u00e8me naissance de J\u00e9sus- Christ par la peau de \u00a0\u00bb Papa Dianlugana Kiangani\u00a0\u00bb fils du proph\u00e8te Simon Kimbangu\u00a0\u00bb.<\/p>\n\n\n\n<p>Pour ce faire, les rues de Kinshasa, m\u00eame partout au pays, surtout au Central \u00a0\u00bb foyer mondial de l&rsquo; \u00c9glise Kimbanguiste \u00e0 Nkamba \u00a0\u00bb Nouvelle J\u00e9rusalem, appelle t-on\u00a0\u00bb le pays sera presque vert, \u00e0 raison des fid\u00e8les qui vont s&rsquo;habiller traditionnellement aux couleurs de leur religion. Et ils vont traverser la ville de Kinshasa par des carnavals, tapant fanfares et trompettes, scandant des chansons de leur foi; jusqu&rsquo;\u00e0 \u00e0 leur point de chute, pour nombreux le Centre d&rsquo; Accueil \u00e0 Saio et certain \u00e0 Monkoto \u00e0 Ngiri Ngiri( une fraction s\u00e9par\u00e9e avec le pouvoir religieux de Nkamba).<\/p>\n\n\n\n<p>Pas toujours la RDC qui sera verdoy\u00e9e, mais l&rsquo;Angola o\u00f9 la religion compte nombreux fid\u00e8les, va vivre cette grande ambiance, \u00e0 Brazzaville la verte, la capitale de R\u00e9publique du Congo, va \u00eatre davantage plus verd\u00e2tre qu&rsquo; \u00e0 jamais aujourd&rsquo;hui.<\/p>\n\n\n\n<p>Au Centre d&rsquo;accueil de Saio, par exemple, devant l\u2019entr\u00e9e principale, comme de coutume, de nombreux articles sont expos\u00e9s pour la vente.<\/p>\n\n\n\n<p>Ils font r\u00e9f\u00e9rence \u00e0 la communaut\u00e9 kimbanguiste. De l\u2019uniforme vert-blanc aux foulards en passant par des drapelets, tout ou presque y son. M\u00eame \u00e0 manger.<\/p>\n\n\n\n<p>Une autre grande manifestation aura lieu \u00e0 Nkamba \u00ab\u00a0Nouvelle J\u00e9rusalem\u00a0\u00bb, dans la province du Kongo-Central, \u00e0 cet effet.<\/p>\n\n\n\n<p>Barca Horly Fibilulu<\/p>\n","protected":false},"excerpt":{"rendered":"<p>La Grande communaut\u00e9 Kimbaguiste c\u00e9l\u00e8bre la journ\u00e9e du mercredi 25 mai, selon leur calendrier, la f\u00eate de No\u00ebl en m\u00e9moire de la naissance du p\u00e8re spirituel \u00ab\u00a0Papa\u00a0\u00bb Salomon Dialugana Kiangani\u00a0\u00bb, appel\u00e9 commun\u00e9ment Mfumu &lsquo; Ambanza, deuxi\u00e8me fils du proph\u00e8te Simon Kimbangu et Marie Muilu Kiwanga n\u00e9 le 25 mai1925 Les rues de Kinshasa seront color\u00e9es [&hellip;]<\/p>\n","protected":false},"author":1,"featured_media":1674,"comment_status":"open","ping_status":"open","sticky":false,"template":"","format":"standard","meta":{"footnotes":""},"categories":[23],"tags":[],"_links":{"self":[{"href":"https:\/\/times.cd\/index.php\/wp-json\/wp\/v2\/posts\/1673"}],"collection":[{"href":"https:\/\/times.cd\/index.php\/wp-json\/wp\/v2\/posts"}],"about":[{"href":"https:\/\/times.cd\/index.php\/wp-json\/wp\/v2\/types\/post"}],"author":[{"embeddable":true,"href":"https:\/\/times.cd\/index.php\/wp-json\/wp\/v2\/users\/1"}],"replies":[{"embeddable":true,"href":"https:\/\/times.cd\/index.php\/wp-json\/wp\/v2\/comments?post=1673"}],"version-history":[{"count":1,"href":"https:\/\/times.cd\/index.php\/wp-json\/wp\/v2\/posts\/1673\/revisions"}],"predecessor-version":[{"id":1675,"href":"https:\/\/times.cd\/index.php\/wp-json\/wp\/v2\/posts\/1673\/revisions\/1675"}],"wp:featuredmedia":[{"embeddable":true,"href":"https:\/\/times.cd\/index.php\/wp-json\/wp\/v2\/media\/1674"}],"wp:attachment":[{"href":"https:\/\/times.cd\/index.php\/wp-json\/wp\/v2\/media?parent=1673"}],"wp:term":[{"taxonomy":"category","embeddable":true,"href":"https:\/\/times.cd\/index.php\/wp-json\/wp\/v2\/categories?post=1673"},{"taxonomy":"post_tag","embeddable":true,"href":"https:\/\/times.cd\/index.php\/wp-json\/wp\/v2\/tags?post=1673"}],"curies":[{"name":"wp","href":"https:\/\/api.w.org\/{rel}","templated":true}]}}