{"id":1667,"date":"2022-05-25T07:18:00","date_gmt":"2022-05-25T07:18:00","guid":{"rendered":"https:\/\/times.cd\/?p=1667"},"modified":"2022-05-25T07:18:01","modified_gmt":"2022-05-25T07:18:01","slug":"lancement-du-festival-international-des-arts-du-recit-et-de-la-parole-lisapo","status":"publish","type":"post","link":"https:\/\/times.cd\/index.php\/2022\/05\/25\/lancement-du-festival-international-des-arts-du-recit-et-de-la-parole-lisapo\/","title":{"rendered":"Lancement du Festival International, des Arts du R\u00e9cit et de la Parole \u00ab\u00a0Lisapo\u00a0\u00bb"},"content":{"rendered":"\n<p><\/p>\n\n\n\n<p><\/p>\n\n\n\n<p>La Grande Halle de l&rsquo; Institut Fran\u00e7ais de Kinshasa\/ Halle de la Gombe, a abrit\u00e9e la c\u00e9r\u00e9monie d&rsquo; ouverture du Festival Lisapo, d\u00e9di\u00e9 aux contes et aux devinettes. Les t\u00e9moins vivants de notre tradition orale.<\/p>\n\n\n\n<p>La soir\u00e9e de la c\u00e9r\u00e9monie d&rsquo;ouverture de l&rsquo;\u00e9dition 2022, a \u00e9t\u00e9 agr\u00e9ment\u00e9e par deux grands conteurs, Jovita Songwa de la R\u00e9publique D\u00e9mocratique du Congo et KPG de la Burkina Faso, ont charm\u00e9s le public de la souce inassouvie du conte et de la tradition orale, preuve de notre belle civilisation.<\/p>\n\n\n\n<p>Comme la Tradition est un h\u00e9ritage, il faut la garder jalousement. A d\u00e9clar\u00e9 monsieur Valentin Kwamba Kwamba.<\/p>\n\n\n\n<p>\u00ab\u00a0Sans la Culture, aucune Nation \u00e0 une bonne m\u00e9moire. C&rsquo;est contact entre plusieurs g\u00e9n\u00e9rations, les devinettes, contes, griotisme, sont des h\u00e9ritages inali\u00e9nables des africains. Notre pi\u00e8ce identit\u00e9, la s\u00e8ve qui anime nos \u00e2mes noires.<br>Nous devrions gard\u00e9 ce patrimoine au- del\u00e0 de multiples contextes politiques, \u00e9conomiques, sociales et culturelles, que traversent le continent et le Congo\/ Kinshasa en particulier. Nous devons encourag\u00e9s des artistes, qui se battent pour la r\u00e9surrection de nos Arts libres africains. Le 27 ans de Festival Lisapo, est un parcours de Combatant, qu&rsquo; am\u00e8ne son promoteur Valentin Kwamba. A d\u00e9clar\u00e9 le Directeur du Cabinet du ministre de la Culture et Arts le professeur Joseph Kibonge repr\u00e9sentant le ministre.<\/p>\n\n\n\n<p>Bar\u00e7a Orly<\/p>\n","protected":false},"excerpt":{"rendered":"<p>La Grande Halle de l&rsquo; Institut Fran\u00e7ais de Kinshasa\/ Halle de la Gombe, a abrit\u00e9e la c\u00e9r\u00e9monie d&rsquo; ouverture du Festival Lisapo, d\u00e9di\u00e9 aux contes et aux devinettes. Les t\u00e9moins vivants de notre tradition orale. La soir\u00e9e de la c\u00e9r\u00e9monie d&rsquo;ouverture de l&rsquo;\u00e9dition 2022, a \u00e9t\u00e9 agr\u00e9ment\u00e9e par deux grands conteurs, Jovita Songwa de la [&hellip;]<\/p>\n","protected":false},"author":1,"featured_media":1668,"comment_status":"open","ping_status":"open","sticky":false,"template":"","format":"standard","meta":{"footnotes":""},"categories":[23],"tags":[],"_links":{"self":[{"href":"https:\/\/times.cd\/index.php\/wp-json\/wp\/v2\/posts\/1667"}],"collection":[{"href":"https:\/\/times.cd\/index.php\/wp-json\/wp\/v2\/posts"}],"about":[{"href":"https:\/\/times.cd\/index.php\/wp-json\/wp\/v2\/types\/post"}],"author":[{"embeddable":true,"href":"https:\/\/times.cd\/index.php\/wp-json\/wp\/v2\/users\/1"}],"replies":[{"embeddable":true,"href":"https:\/\/times.cd\/index.php\/wp-json\/wp\/v2\/comments?post=1667"}],"version-history":[{"count":1,"href":"https:\/\/times.cd\/index.php\/wp-json\/wp\/v2\/posts\/1667\/revisions"}],"predecessor-version":[{"id":1669,"href":"https:\/\/times.cd\/index.php\/wp-json\/wp\/v2\/posts\/1667\/revisions\/1669"}],"wp:featuredmedia":[{"embeddable":true,"href":"https:\/\/times.cd\/index.php\/wp-json\/wp\/v2\/media\/1668"}],"wp:attachment":[{"href":"https:\/\/times.cd\/index.php\/wp-json\/wp\/v2\/media?parent=1667"}],"wp:term":[{"taxonomy":"category","embeddable":true,"href":"https:\/\/times.cd\/index.php\/wp-json\/wp\/v2\/categories?post=1667"},{"taxonomy":"post_tag","embeddable":true,"href":"https:\/\/times.cd\/index.php\/wp-json\/wp\/v2\/tags?post=1667"}],"curies":[{"name":"wp","href":"https:\/\/api.w.org\/{rel}","templated":true}]}}