{"id":1660,"date":"2022-05-24T07:11:06","date_gmt":"2022-05-24T07:11:06","guid":{"rendered":"https:\/\/times.cd\/?p=1660"},"modified":"2022-05-24T07:11:07","modified_gmt":"2022-05-24T07:11:07","slug":"culture-militariser-lagriculture-guerre-contre-la-faim-de-didier-mumengi-presente-aux-editions-book-express","status":"publish","type":"post","link":"https:\/\/times.cd\/index.php\/2022\/05\/24\/culture-militariser-lagriculture-guerre-contre-la-faim-de-didier-mumengi-presente-aux-editions-book-express\/","title":{"rendered":"Culture : Militariser  l&rsquo;agriculture Guerre contre la faim de Didier Mumengi pr\u00e9sent\u00e9 aux \u00e9ditions Book Express"},"content":{"rendered":"\n<p><\/p>\n\n\n\n<p>Un pays d&rsquo; \u00e9tat de droit, est celui que son peuple mange \u00e0 sa faim. Le premier besoin imp\u00e9ratif d&rsquo;un \u00e9tat qui se dit, \u00e9tat de droit et D\u00e9mocratique. Voit- on coll\u00e9 \u00e0 cet ouvrage<\/p>\n\n\n\n<p>L&rsquo;auteur appelle les congolais de s&rsquo;en prendre \u00e0 l&rsquo;agriculture, pour un Congo fort et prosp\u00e8re, pr\u00e9curseur de l&rsquo; \u00e9conomie verte.<\/p>\n\n\n\n<p>le c\u00e9l\u00e8bre ecrivain congolais, le s\u00e9nateur Didier Mumengi Tshikudi, appelle aux congolais de se d\u00e9clarer une serie de crossaides contre la faim, qui est la source primordiale de la mort des nombreuses personnes au pays, la racine des nos maux, notre \u00e9p\u00e9e de Damocles qui nous assasine sans merci.<\/p>\n\n\n\n<p>C&rsquo;est pour ce, le s\u00e9nateur Didier pr\u00e9conise<br>Un \u00e9tat d&rsquo;urgence en vue de se d\u00e9clarer la guerre contre la famine qui nous endeuille; elle est la meurtri\u00e8re de nos vies.<br>Ennemi public n\u00b0 1.Une piste pour faire sortir le pays de l&rsquo;impasse. Une Nation profond\u00e9ment au sol fertile. Telle est la contraste, son peuple creve la faim, mange que coupe- faim. Voici donc le fil d&rsquo; Ariane pour sortir de Labyrinthe de la mis\u00e8re qui les congolais chaques jours. lit- on au faux titre dudit ouvrage.<\/p>\n\n\n\n<p>Le Si\u00e8ge de l&rsquo; \u00e9dition Book expr\u00e8s \u00e0 Nyangwe\/ Lingwala, au si\u00e8ge de la maison \u00e0 Kinshasa, a accueilli les apr\u00e8s- midi de ce lundi 23 mai, la c\u00e9r\u00e9monie de la pr\u00e9sentation du livre de l&rsquo; ecrivain congolais, Didier Mumengi Tshikudi, intitul\u00e9 \u00a0\u00bb D\u00e9clarer la guerre contre la fin. Militariser l&rsquo;agriculture, en pr\u00e9sence des autorit\u00e9s du gouvernement provincial, autorit\u00e9s consulaires : ambassadeur du Royaume de la Belgique, d\u00e9l\u00e9gation de l&rsquo; Institut Fran\u00e7ais, D\u00e9l\u00e9gation g\u00e9n\u00e9rale de la Wallonie- Bruxelles qui se fait repr\u00e9sent\u00e9e par l&rsquo; ecrivain Richard Ali ( directeur de la Biblioth\u00e8que du CWB); des hommes de la litt\u00e9rature et de la culture \u00e0 l&rsquo;instar du peintre Barly Baruti, ainsi la presse, convi\u00e9e \u00e0 somptueuse manifestation qui s&rsquo;est crois\u00e9e avec celle du lancement du mois du Bande Dessin\u00e9e Belge \u00e0 Kinshasa toujours \u00e0 l&rsquo; enclos d&rsquo;_Express Book,<br>que Barly Baruti, trouve le pont qui existe entre la litt\u00e9rature et le dessin, conjointement li\u00e9es pour la grande expression.<\/p>\n\n\n\n<p>\u00ab\u00a0Je suis content de voir ici aux pays, la multiplication des cadres litt\u00e9raires et culturels, \u00e7a montre une \u00e9volution \u00e0 la mati\u00e8re. Dit-il au micro de Times. CD.<\/p>\n\n\n\n<p>Cette c\u00e9r\u00e9monie est une occasion pour l&rsquo; Express Book de vendre le livre de Didier Mumengi aux ench\u00e8res et la vente promotionnelle. Mais aussi des d\u00e9dicaces apr\u00e8s achat du livre par l&rsquo; auteur.<\/p>\n\n\n\n<p>Par ailleurs, la maison a proc\u00e9d\u00e9e aussi \u00e0 la vente de certains bouquins publi\u00e9s par elle.<\/p>\n\n\n\n<p>Book Expr\u00e8s est une jeune maison d&rsquo;\u00e9dition, \u00e0 3 ans seulement.<br>Elle fait un travail de fond, celui de promouvoir la litt\u00e9rature congolaise et ses arts apparent\u00e9s. A conclu, le responsable local de Book Express<\/p>\n","protected":false},"excerpt":{"rendered":"<p>Un pays d&rsquo; \u00e9tat de droit, est celui que son peuple mange \u00e0 sa faim. Le premier besoin imp\u00e9ratif d&rsquo;un \u00e9tat qui se dit, \u00e9tat de droit et D\u00e9mocratique. Voit- on coll\u00e9 \u00e0 cet ouvrage L&rsquo;auteur appelle les congolais de s&rsquo;en prendre \u00e0 l&rsquo;agriculture, pour un Congo fort et prosp\u00e8re, pr\u00e9curseur de l&rsquo; \u00e9conomie verte. [&hellip;]<\/p>\n","protected":false},"author":1,"featured_media":1661,"comment_status":"open","ping_status":"open","sticky":false,"template":"","format":"standard","meta":{"footnotes":""},"categories":[23],"tags":[],"_links":{"self":[{"href":"https:\/\/times.cd\/index.php\/wp-json\/wp\/v2\/posts\/1660"}],"collection":[{"href":"https:\/\/times.cd\/index.php\/wp-json\/wp\/v2\/posts"}],"about":[{"href":"https:\/\/times.cd\/index.php\/wp-json\/wp\/v2\/types\/post"}],"author":[{"embeddable":true,"href":"https:\/\/times.cd\/index.php\/wp-json\/wp\/v2\/users\/1"}],"replies":[{"embeddable":true,"href":"https:\/\/times.cd\/index.php\/wp-json\/wp\/v2\/comments?post=1660"}],"version-history":[{"count":1,"href":"https:\/\/times.cd\/index.php\/wp-json\/wp\/v2\/posts\/1660\/revisions"}],"predecessor-version":[{"id":1662,"href":"https:\/\/times.cd\/index.php\/wp-json\/wp\/v2\/posts\/1660\/revisions\/1662"}],"wp:featuredmedia":[{"embeddable":true,"href":"https:\/\/times.cd\/index.php\/wp-json\/wp\/v2\/media\/1661"}],"wp:attachment":[{"href":"https:\/\/times.cd\/index.php\/wp-json\/wp\/v2\/media?parent=1660"}],"wp:term":[{"taxonomy":"category","embeddable":true,"href":"https:\/\/times.cd\/index.php\/wp-json\/wp\/v2\/categories?post=1660"},{"taxonomy":"post_tag","embeddable":true,"href":"https:\/\/times.cd\/index.php\/wp-json\/wp\/v2\/tags?post=1660"}],"curies":[{"name":"wp","href":"https:\/\/api.w.org\/{rel}","templated":true}]}}