{"id":1612,"date":"2022-05-19T14:45:09","date_gmt":"2022-05-19T14:45:09","guid":{"rendered":"https:\/\/times.cd\/?p=1612"},"modified":"2022-05-19T14:49:44","modified_gmt":"2022-05-19T14:49:44","slug":"reconciliation-katangaise-que-ce-forum-ne-donne-de-linsomnie-a-personne-francine-muyumba","status":"publish","type":"post","link":"https:\/\/times.cd\/index.php\/2022\/05\/19\/reconciliation-katangaise-que-ce-forum-ne-donne-de-linsomnie-a-personne-francine-muyumba\/","title":{"rendered":"R\u00e9conciliation Katangaise : \u00ab\u00a0Que ce Forum ne donne de l\u2019insomnie \u00e0 personne\u00a0\u00bb (Francine Muyumba)"},"content":{"rendered":"\n<p><\/p>\n\n\n\n<p>Il se tient \u00e0 Lubumbashi, le Forum sur la r\u00e9conciliation des leaders katangais. Cette rencontre entreprise par Mgr Fulgence Muteba, archev\u00eaque de Lubumbashi r\u00e9unit 200 participants issus de tout l\u2019espace du Katanga.<br>Des dizaines de personnalit\u00e9s congolaises issues de la province du Haut Katanga, et de ses environs se r\u00e9unissent depuis le 17 mai pour r\u00e9flechir sur les conflits de la r\u00e9gion afin de trouver des solutions en vue d\u2019une r\u00e9conciliation sinc\u00e8re.<\/p>\n\n\n\n<p>Prenant part \u00e0 ces assises, la s\u00e9natrice Francine Muyumba a, dans une interview accord\u00e9e \u00e0 la presse salu\u00e9 \u00e0 juste titre l&rsquo;instigateur de cette initiative, Mgr Fulgence Muteba pour sa contribution sur la r\u00e9conciliation nationale qui passe \u00e9galement par l&rsquo;unit\u00e9 Katangaise.<\/p>\n\n\n\n<p>\u00a0\u00bb Nous sommes venus r\u00e9pondre \u00e0 l&rsquo;invitation de l&rsquo;archev\u00eaque et comme vous le savez, les hommes de Dieu peuvent mieux le faire que les politiciens car, les uns les autres ont leurs int\u00e9r\u00eats souvent d\u00e9mesur\u00e9. Et donc, nous pensons qu&rsquo;\u00e0 travers les hommes de Dieu, nous pouvons mettre de c\u00f4ter nos conflits\u00a0\u00bb.<\/p>\n\n\n\n<p>Et d&rsquo;ajouter, le peuple Katangais est un grand peuple qui doit contribuer au d\u00e9veloppement et \u00e0 l&rsquo;\u00e9mergence du pays.<\/p>\n\n\n\n<p>L&rsquo;unit\u00e9 au Congo passe \u00e9galement par l&rsquo;unit\u00e9 Katangaise et nous pensons que les notables Katangais peuvent jouer un grand r\u00f4le et influencer au niveau national pour que le Congo puis gagn\u00e9. A-t-elle rench\u00e9rit<\/p>\n\n\n\n<p>\u00ab\u00a0\u00c9vitons des divisions, la coh\u00e9sion sociale s\u00e9rieuse que nous avons toujours voulue au niveau national doit \u00eatre aussi le fruit des coh\u00e9sions au niveau des provinces. A-t-elle de conclut, on disons \u00ab\u00a0Que ce Forum ne donne de l\u2019insomnie \u00e0 personne\u00a0\u00bb.<\/p>\n\n\n\n<p>Francis Luende<\/p>\n","protected":false},"excerpt":{"rendered":"<p>Il se tient \u00e0 Lubumbashi, le Forum sur la r\u00e9conciliation des leaders katangais. Cette rencontre entreprise par Mgr Fulgence Muteba, archev\u00eaque de Lubumbashi r\u00e9unit 200 participants issus de tout l\u2019espace du Katanga.Des dizaines de personnalit\u00e9s congolaises issues de la province du Haut Katanga, et de ses environs se r\u00e9unissent depuis le 17 mai pour r\u00e9flechir [&hellip;]<\/p>\n","protected":false},"author":1,"featured_media":1613,"comment_status":"open","ping_status":"open","sticky":false,"template":"","format":"standard","meta":{"footnotes":""},"categories":[28],"tags":[],"_links":{"self":[{"href":"https:\/\/times.cd\/index.php\/wp-json\/wp\/v2\/posts\/1612"}],"collection":[{"href":"https:\/\/times.cd\/index.php\/wp-json\/wp\/v2\/posts"}],"about":[{"href":"https:\/\/times.cd\/index.php\/wp-json\/wp\/v2\/types\/post"}],"author":[{"embeddable":true,"href":"https:\/\/times.cd\/index.php\/wp-json\/wp\/v2\/users\/1"}],"replies":[{"embeddable":true,"href":"https:\/\/times.cd\/index.php\/wp-json\/wp\/v2\/comments?post=1612"}],"version-history":[{"count":2,"href":"https:\/\/times.cd\/index.php\/wp-json\/wp\/v2\/posts\/1612\/revisions"}],"predecessor-version":[{"id":1616,"href":"https:\/\/times.cd\/index.php\/wp-json\/wp\/v2\/posts\/1612\/revisions\/1616"}],"wp:featuredmedia":[{"embeddable":true,"href":"https:\/\/times.cd\/index.php\/wp-json\/wp\/v2\/media\/1613"}],"wp:attachment":[{"href":"https:\/\/times.cd\/index.php\/wp-json\/wp\/v2\/media?parent=1612"}],"wp:term":[{"taxonomy":"category","embeddable":true,"href":"https:\/\/times.cd\/index.php\/wp-json\/wp\/v2\/categories?post=1612"},{"taxonomy":"post_tag","embeddable":true,"href":"https:\/\/times.cd\/index.php\/wp-json\/wp\/v2\/tags?post=1612"}],"curies":[{"name":"wp","href":"https:\/\/api.w.org\/{rel}","templated":true}]}}