{"id":1605,"date":"2022-05-19T14:12:37","date_gmt":"2022-05-19T14:12:37","guid":{"rendered":"https:\/\/times.cd\/?p=1605"},"modified":"2022-05-19T14:12:38","modified_gmt":"2022-05-19T14:12:38","slug":"nord-kivu-un-homme-age-46-ans-sest-tue-dans-la-ville-de-beni","status":"publish","type":"post","link":"https:\/\/times.cd\/index.php\/2022\/05\/19\/nord-kivu-un-homme-age-46-ans-sest-tue-dans-la-ville-de-beni\/","title":{"rendered":"Nord Kivu: un homme \u00e2g\u00e9 46 ans s&rsquo;est tu\u00e9 dans la ville de Beni"},"content":{"rendered":"\n<p><\/p>\n\n\n\n<p>D\u2019apr\u00e8s Honor\u00e9 Kapitula, chef adjoint du quartier Lyakobo, cellule Beu, dans la commune de Beni, en ville de Beni, la victime r\u00e9pondait au nom de Kasereka Kapitso Jaques originaire de la commune de Karuruma, qui s\u2019est pendu dans la concession de l\u2019Institut Asefu et son corps a \u00e9t\u00e9 retrouv\u00e9 jeudi 19 mai 2022.<\/p>\n\n\n\n<p>\u201cLa victime r\u00e9pond au nom de Kasereka Kapitso Jacques, n\u00e9 \u00e0 Karuruma en 1976. Il est de Butembo selon une lettre retrouv\u00e9e dans sa poche.<\/p>\n\n\n\n<p>Cet homme ne s\u2019attendait plus avec sa femme, indique Honor\u00e9 Kapitula, le m\u00e9sentente serait la cause principale de cette pendeson.<\/p>\n\n\n\n<p>Signalons que le corps a \u00e9t\u00e9 lev\u00e9 sur le lieu du drame apr\u00e8s l\u2019autorisation du procureur de la R\u00e9publique. Conclu -t- il<\/p>\n\n\n\n<p>Siro MIDI Jean<\/p>\n","protected":false},"excerpt":{"rendered":"<p>D\u2019apr\u00e8s Honor\u00e9 Kapitula, chef adjoint du quartier Lyakobo, cellule Beu, dans la commune de Beni, en ville de Beni, la victime r\u00e9pondait au nom de Kasereka Kapitso Jaques originaire de la commune de Karuruma, qui s\u2019est pendu dans la concession de l\u2019Institut Asefu et son corps a \u00e9t\u00e9 retrouv\u00e9 jeudi 19 mai 2022. \u201cLa victime [&hellip;]<\/p>\n","protected":false},"author":1,"featured_media":1606,"comment_status":"open","ping_status":"open","sticky":false,"template":"","format":"standard","meta":{"footnotes":""},"categories":[28,1],"tags":[],"_links":{"self":[{"href":"https:\/\/times.cd\/index.php\/wp-json\/wp\/v2\/posts\/1605"}],"collection":[{"href":"https:\/\/times.cd\/index.php\/wp-json\/wp\/v2\/posts"}],"about":[{"href":"https:\/\/times.cd\/index.php\/wp-json\/wp\/v2\/types\/post"}],"author":[{"embeddable":true,"href":"https:\/\/times.cd\/index.php\/wp-json\/wp\/v2\/users\/1"}],"replies":[{"embeddable":true,"href":"https:\/\/times.cd\/index.php\/wp-json\/wp\/v2\/comments?post=1605"}],"version-history":[{"count":1,"href":"https:\/\/times.cd\/index.php\/wp-json\/wp\/v2\/posts\/1605\/revisions"}],"predecessor-version":[{"id":1607,"href":"https:\/\/times.cd\/index.php\/wp-json\/wp\/v2\/posts\/1605\/revisions\/1607"}],"wp:featuredmedia":[{"embeddable":true,"href":"https:\/\/times.cd\/index.php\/wp-json\/wp\/v2\/media\/1606"}],"wp:attachment":[{"href":"https:\/\/times.cd\/index.php\/wp-json\/wp\/v2\/media?parent=1605"}],"wp:term":[{"taxonomy":"category","embeddable":true,"href":"https:\/\/times.cd\/index.php\/wp-json\/wp\/v2\/categories?post=1605"},{"taxonomy":"post_tag","embeddable":true,"href":"https:\/\/times.cd\/index.php\/wp-json\/wp\/v2\/tags?post=1605"}],"curies":[{"name":"wp","href":"https:\/\/api.w.org\/{rel}","templated":true}]}}