{"id":1582,"date":"2022-05-17T14:10:12","date_gmt":"2022-05-17T14:10:12","guid":{"rendered":"https:\/\/times.cd\/?p=1582"},"modified":"2022-05-17T14:10:13","modified_gmt":"2022-05-17T14:10:13","slug":"nord-kivu-a-rutshuru-la-greve-des-enseignants-des-ecoles-primaires-publiques-se-poursuit","status":"publish","type":"post","link":"https:\/\/times.cd\/index.php\/2022\/05\/17\/nord-kivu-a-rutshuru-la-greve-des-enseignants-des-ecoles-primaires-publiques-se-poursuit\/","title":{"rendered":"Nord-Kivu : \u00e0 Rutshuru la gr\u00e8ve des enseignants des \u00e9coles primaires publiques se poursuit"},"content":{"rendered":"\n<p><\/p>\n\n\n\n<p><\/p>\n\n\n\n<p>La d\u00e9cision vient d\u2019\u00eatre arr\u00eat\u00e9e apr\u00e8s concertation dans une assembl\u00e9e g\u00e9n\u00e9rale tenue \u00e0 l\u2019institut Mapendo de Bunyangula \u00e0 environ deux kilom\u00e8tres de la commune de Rutshuru, les enseignants de certaines \u00e9coles primaire publique du territoire de Rutshuru ont d\u00e9cid\u00e9 de poursuivre leurs mouvements de gr\u00e8ve jusqu\u2019\u00e0 nouvelle ordre. Ils ont pris cette d\u00e9cision ce lundi 16 mai 2022 devant Les repr\u00e9sentants du Syndicat des Enseignants du Congo, du SYNECAT et du SYNEP qui ont tous pris part \u00e0 cette s\u00e9ance.<\/p>\n\n\n\n<p>Les enseignants motivent cette d\u00e9cision par le non-respect des engagements pris par les autorit\u00e9s de la RDC \u00e0 Bwela-Lodge, lors des assises entre le banc syndical et le banc gouvernemental.<\/p>\n\n\n\n<p>Le gouvernement s\u2019\u00e9tait engag\u00e9 \u00e0 prendre en charge les enseignants, nouvelles unit\u00e9s et les non pay\u00e9 par palier, affirment nos sources. Il \u00e9tait pr\u00e9vu \u00e9galement la majoration des salaires des enseignants et l\u2019annulation des zones salariales. Par la m\u00eame occasion, Ils ont aussi d\u00e9cid\u00e9 d\u2019installer un comit\u00e9 provisoire du Syndicat National des Enseignants des \u00c9coles Primaires Publique SYNEPP dans le territoire de Rutshuru en province du Nord-Kivu.<\/p>\n\n\n\n<p>Pendant ce temps, dans la sous division de l&rsquo;EPST Njiyapanda, au Nord-ouest du territoire de Lubero, les activit\u00e9s scolaires ont repris ce lundi 16 Mai dans toutes les \u00e9coles primaires, depuis le 5 Mai dernier, les enseignants des \u00e9coles primaires de Njiyapanda avaient d\u00e9cr\u00e9t\u00e9 un mouvement de gr\u00e8ve pour d\u00e9noncer le non-respect des accords de Bwela-Lodge quant \u00e0 leur traitement.<\/p>\n\n\n\n<p>Dans une d\u00e9claration ce Weekend \u00e0 l&rsquo;issue de l&rsquo;assembl\u00e9e g\u00e9n\u00e9rale \u00e9valuation de leur mouvement de gr\u00e8ve, ces professionnels de la craie ont d\u00e9cid\u00e9 de lever momentan\u00e9ment cette action.<\/p>\n\n\n\n<p>Daniel SHEMATSI<\/p>\n","protected":false},"excerpt":{"rendered":"<p>La d\u00e9cision vient d\u2019\u00eatre arr\u00eat\u00e9e apr\u00e8s concertation dans une assembl\u00e9e g\u00e9n\u00e9rale tenue \u00e0 l\u2019institut Mapendo de Bunyangula \u00e0 environ deux kilom\u00e8tres de la commune de Rutshuru, les enseignants de certaines \u00e9coles primaire publique du territoire de Rutshuru ont d\u00e9cid\u00e9 de poursuivre leurs mouvements de gr\u00e8ve jusqu\u2019\u00e0 nouvelle ordre. Ils ont pris cette d\u00e9cision ce lundi [&hellip;]<\/p>\n","protected":false},"author":1,"featured_media":1583,"comment_status":"open","ping_status":"open","sticky":false,"template":"","format":"standard","meta":{"footnotes":""},"categories":[28],"tags":[],"_links":{"self":[{"href":"https:\/\/times.cd\/index.php\/wp-json\/wp\/v2\/posts\/1582"}],"collection":[{"href":"https:\/\/times.cd\/index.php\/wp-json\/wp\/v2\/posts"}],"about":[{"href":"https:\/\/times.cd\/index.php\/wp-json\/wp\/v2\/types\/post"}],"author":[{"embeddable":true,"href":"https:\/\/times.cd\/index.php\/wp-json\/wp\/v2\/users\/1"}],"replies":[{"embeddable":true,"href":"https:\/\/times.cd\/index.php\/wp-json\/wp\/v2\/comments?post=1582"}],"version-history":[{"count":1,"href":"https:\/\/times.cd\/index.php\/wp-json\/wp\/v2\/posts\/1582\/revisions"}],"predecessor-version":[{"id":1584,"href":"https:\/\/times.cd\/index.php\/wp-json\/wp\/v2\/posts\/1582\/revisions\/1584"}],"wp:featuredmedia":[{"embeddable":true,"href":"https:\/\/times.cd\/index.php\/wp-json\/wp\/v2\/media\/1583"}],"wp:attachment":[{"href":"https:\/\/times.cd\/index.php\/wp-json\/wp\/v2\/media?parent=1582"}],"wp:term":[{"taxonomy":"category","embeddable":true,"href":"https:\/\/times.cd\/index.php\/wp-json\/wp\/v2\/categories?post=1582"},{"taxonomy":"post_tag","embeddable":true,"href":"https:\/\/times.cd\/index.php\/wp-json\/wp\/v2\/tags?post=1582"}],"curies":[{"name":"wp","href":"https:\/\/api.w.org\/{rel}","templated":true}]}}