{"id":1578,"date":"2022-05-17T13:08:31","date_gmt":"2022-05-17T13:08:31","guid":{"rendered":"https:\/\/times.cd\/?p=1578"},"modified":"2022-05-17T13:10:38","modified_gmt":"2022-05-17T13:10:38","slug":"le-centre-wallonie-bruxelles-lance-le-bal-du-5-eme-prix-litteraire-zamenga","status":"publish","type":"post","link":"https:\/\/times.cd\/index.php\/2022\/05\/17\/le-centre-wallonie-bruxelles-lance-le-bal-du-5-eme-prix-litteraire-zamenga\/","title":{"rendered":"Le Centre Wallonie- Bruxelles lance le bal du 5 \u00e8me Prix litt\u00e9raire Zamenga"},"content":{"rendered":"\n<p><\/p>\n\n\n\n<p><\/p>\n\n\n\n<p>Les modalit\u00e9s d&rsquo;appel aux candidats sont d\u00e9j\u00e0 d\u00e9voil\u00e9es ce lundi 16 mai 2021, \u00e0 la Biblioth\u00e8que du Centre Wallonie- Bruxelles devant la presse, les invit\u00e9s de marque, l&rsquo;auguste assembl\u00e9e ainsi que les curieux de la litt\u00e9rature.<\/p>\n\n\n\n<p>Tout \u00e0 commencer par une recension et brosage de l&rsquo;anthologie de la 4\u00e8me \u00e9dition par le critique litt\u00e9raire. Apr\u00e8s une br\u00e8ve pr\u00e9sentation de laur\u00e9ats de ladite \u00e9dition par Richard Ali, dix \u0153uvres laur\u00e9ates \u00e9dit\u00e9es par l&rsquo; \u00e9dition Mabiki ont \u00e9t\u00e9 recueillis \u00e0 une seule anthologie de la premi\u00e8re cat\u00e9gorie arch\u00e9type du prix, celle de jeunes plumes \u00e2g\u00e9e moins de 40 ans.<\/p>\n\n\n\n<p>Le premier prix \u00e9t\u00e9 remport\u00e9 Yannick Ethan Kaumbo avec sa nouvelle : \u00ab\u00a0Sous la haute s\u00e9curit\u00e9 \u00e0 Buluwo\u00a0\u00bb, repr\u00e9sent\u00e9 par son fr\u00e8re qu vu partir avec son gros prix, une ch\u00e8que de 1000 dollars. Du num\u00e9ro Premier au cinqui\u00e8me dans la liste, ils sont re\u00e7us des cadeaux en nature. En croire, Guy- Denis Mukulu \u00e0 la fin de sa recension, le trait commun dans l&rsquo; d&rsquo;ensemble de tous opus recueillis en anthologie, ces nouvelles parlent notamment de la prison<\/p>\n\n\n\n<p>Pour la cat\u00e9gorie ouverte aux \u00e9l\u00e8ves de l&rsquo;\u00e9cole secondaire toute enti\u00e8re, l&rsquo;\u00e9l\u00e8ve Dilola Lamama Gr\u00e2ce du complexe scolaire la Sagesse a rafl\u00e9 la grosse place( premier ) avec son \u0153uvre \u00a0\u00bb Nyata ya Congo \u00ab\u00a0, avec un cadeau qui lui est r\u00e9serv\u00e9.<\/p>\n\n\n\n<p>Dans son oral M. Richard Ali, responsable de la Biblioth\u00e8que a parl\u00e9 devant la presse sur 10 articles du r\u00e8glement int\u00e9rieur, qui vont r\u00e9gir cette \u00e9dition en cours.<\/p>\n\n\n\n<p>Articles recueillis par la r\u00e9daction<\/p>\n\n\n\n<p>1 En vue d&rsquo; honorer la m\u00e9moire de l&rsquo; ecrivain congolais le plus de la RDC , Zamenga Batukenga, et de promouvoir le secteur litt\u00e9raire congolais, la D\u00e9l\u00e9gation G\u00e9n\u00e9rale Wallonie- Bruxelles, en collaboration avec les \u00e9ditions Mabiki, Association des Jeunes Ecrivains du Congo( AJECO) et d&rsquo; autres partenaires, \u00e0 d\u00e9cid\u00e9 de la cr\u00e9ation et organisation d&rsquo;un concours litt\u00e9raire sur la nouvelle d\u00e9nomm\u00e9 \u00a0\u00bb Prix litt\u00e9raire Zamenga \u00ab\u00a0,le Prix litt\u00e9raire Zamenga, pouvant aussi \u00eatre appel\u00e9 de mani\u00e8re br\u00e8ve : \u00a0\u00bb Prix Zamenga, est un concours litt\u00e9raire destin\u00e9 aux ecrivains congolais de moins de 40 ans qui y participent librement en soumettant une nouvelle \u00e9crite en fran\u00e7ais sur un th\u00e8me libre ou propos\u00e9 par \u00e9dition, afin de remporter le prix d\u00e9cerner \u00e0 la meilleure nouvelle selon les d\u00e9lib\u00e9rations du jury.<br>Pour la pr\u00e9sente \u00e9dition ( 4\u00e8 \u00e9dition, le th\u00e8me est libre. une section sp\u00e9ciale est cr\u00e9\u00e9e pour scolaire : les \u00e9l\u00e8ves de secondaire ( 1 \u00e8re &#8211; 6 \u00e8me humanit\u00e9s) des \u00e9coles de la RDC.<\/p>\n\n\n\n<p>la participation au concours est gratuite, libre, individuelle et ouverte \u00e0 tous les candidats ( ecrivains congolais) install\u00e9s au pays ou \u00e0 l&rsquo; \u00e9tranger.<\/p>\n\n\n\n<p>Le candidat ne peut soumettre qu&rsquo; un seul texte in\u00e9dit pour l&rsquo; \u00e9dition en cours.<br>Les textes des \u00e9l\u00e8ves doivent porter des identit\u00e9s de leurs parents ou tuteurs qui autorisent leurs enfants \u00e0 participer au concours.<br>.4 texte alin\u00e9a :<br>les \u00e9l\u00e8ves sont encourag\u00e9s \u00e0 \u00e9crire et soumettre leurs textes sans forc\u00e9ment tenir compte du respect strict des r\u00e8gles de la nouvelle.<\/p>\n\n\n\n<p>6 . la soumission de l&rsquo; oeuvre se fait uniquement par voie \u00e9lectronique \u00e0 : prixzamenga@gmail. com.<br>Une page de pr\u00e9sentation du candidat avec des coordonn\u00e9es ( adresse physique et t\u00e9l\u00e9phonique) devrant accompagn\u00e9e son \u0153uvre.<br>La page de pr\u00e9sentation des textes des \u00e9l\u00e8ves doivent imp\u00e9rativement comprendre aussi les identit\u00e9s et les cordonn\u00e9es de leurs parents ou leurs tuteus qui les autorisent \u00e0 participer au concours.<br>La r\u00e9ception de textes d\u00e9marre le 16 mai 2022 et se cl\u00f4ture le 30 juillet \u00e0 minuit, heure de Kinshasa.<br>9.<br>Comme prix.<br>les textes de dix nomin\u00e9s ( 10 premiers) sont \u00e9dit\u00e9s et publi\u00e9s dans une anthologie par maison d&rsquo; \u00e9ditions partenaires. Chaque laur\u00e9ats re\u00e7oit trois exemplaires de l&rsquo; anthologie.<\/p>\n\n\n\n<p>En sus de l&rsquo; anthologie et d&rsquo; un abonnement annuel gratuit \u00e0 la Biblioth\u00e8que Wallonie- Bruxelles, les 5 premiers recoivent des institutions partenaires ch\u00e8ques allant de 1000$ \u00e0 100$, soit respectivement : 1000, 400, 300, 200, 100$.<br>Les \u00e9l\u00e8ves laur\u00e9ats , except\u00e9 le num\u00e9raire, outre l&rsquo; \u00e9dition et les abonnements \u00e0 la Biblioth\u00e8que Wallonie-Bruxelles, ils re\u00e7oivent des cadeaux divers.<\/p>\n\n\n\n<p>\u00c0 savoir, la liste de 10 nomin\u00e9s sera d\u00e9voil\u00e9e le 31 septembre de cette m\u00eame ann\u00e9e, a indiqu\u00e9e la Biblioth\u00e8que.<\/p>\n\n\n\n<p>Il faut rappeler que, la liste de ces laur\u00e9ats a \u00e9t\u00e9 d\u00e9voil\u00e9e, lors de la rentr\u00e9e litt\u00e9raire le 21 octobre 2021 \u00e0 la place des Artistes au Rond-point point Victoire.<\/p>\n\n\n\n<p>Bar\u00e7a Orly<\/p>\n","protected":false},"excerpt":{"rendered":"<p>Les modalit\u00e9s d&rsquo;appel aux candidats sont d\u00e9j\u00e0 d\u00e9voil\u00e9es ce lundi 16 mai 2021, \u00e0 la Biblioth\u00e8que du Centre Wallonie- Bruxelles devant la presse, les invit\u00e9s de marque, l&rsquo;auguste assembl\u00e9e ainsi que les curieux de la litt\u00e9rature. Tout \u00e0 commencer par une recension et brosage de l&rsquo;anthologie de la 4\u00e8me \u00e9dition par le critique litt\u00e9raire. Apr\u00e8s [&hellip;]<\/p>\n","protected":false},"author":1,"featured_media":1579,"comment_status":"open","ping_status":"open","sticky":false,"template":"","format":"standard","meta":{"footnotes":""},"categories":[23],"tags":[],"_links":{"self":[{"href":"https:\/\/times.cd\/index.php\/wp-json\/wp\/v2\/posts\/1578"}],"collection":[{"href":"https:\/\/times.cd\/index.php\/wp-json\/wp\/v2\/posts"}],"about":[{"href":"https:\/\/times.cd\/index.php\/wp-json\/wp\/v2\/types\/post"}],"author":[{"embeddable":true,"href":"https:\/\/times.cd\/index.php\/wp-json\/wp\/v2\/users\/1"}],"replies":[{"embeddable":true,"href":"https:\/\/times.cd\/index.php\/wp-json\/wp\/v2\/comments?post=1578"}],"version-history":[{"count":2,"href":"https:\/\/times.cd\/index.php\/wp-json\/wp\/v2\/posts\/1578\/revisions"}],"predecessor-version":[{"id":1581,"href":"https:\/\/times.cd\/index.php\/wp-json\/wp\/v2\/posts\/1578\/revisions\/1581"}],"wp:featuredmedia":[{"embeddable":true,"href":"https:\/\/times.cd\/index.php\/wp-json\/wp\/v2\/media\/1579"}],"wp:attachment":[{"href":"https:\/\/times.cd\/index.php\/wp-json\/wp\/v2\/media?parent=1578"}],"wp:term":[{"taxonomy":"category","embeddable":true,"href":"https:\/\/times.cd\/index.php\/wp-json\/wp\/v2\/categories?post=1578"},{"taxonomy":"post_tag","embeddable":true,"href":"https:\/\/times.cd\/index.php\/wp-json\/wp\/v2\/tags?post=1578"}],"curies":[{"name":"wp","href":"https:\/\/api.w.org\/{rel}","templated":true}]}}