{"id":1557,"date":"2022-05-15T21:53:53","date_gmt":"2022-05-15T21:53:53","guid":{"rendered":"https:\/\/times.cd\/?p=1557"},"modified":"2022-05-15T21:53:54","modified_gmt":"2022-05-15T21:53:54","slug":"culture-lancement-du-5-eme-prix-litteraire-zamenga-ce-lundi-au-centre-wallonie-bruxelles","status":"publish","type":"post","link":"https:\/\/times.cd\/index.php\/2022\/05\/15\/culture-lancement-du-5-eme-prix-litteraire-zamenga-ce-lundi-au-centre-wallonie-bruxelles\/","title":{"rendered":"Culture : Lancement du 5 \u00e8me Prix litt\u00e9raire Zamenga ce lundi au Centre Wallonie-Bruxelles"},"content":{"rendered":"\n<p>Le Centre Wallonie-Bruxelles organise le lancement de la 5em \u00c9dition du prix Zamenga ce lundi 16 mais \u00e0 12 heures.<br>C&rsquo;est-ce qu&rsquo;annonce le Centre Wallonie \u00e0 travers un communiqu\u00e9 parvenu \u00e0 la r\u00e9daction de Times.cd ce dimanche.<\/p>\n\n\n\n<p>\u00c0 l&rsquo;intention de jeunes plumes, le prix Zamenga est organis\u00e9 chaque ann\u00e9e par le Centre Wallonie Bruxelles de Kinshasa. C&rsquo;est en guise de reconnaissance \u00e0 l&rsquo;\u00e9crivain congolais, Cl\u00e9ment Zamenga que, le Centre Wallonie-Bruxelles \u00e0 cr\u00e9er ce prix qui honore les jeunes \u00e9crivains Congolais.<\/p>\n\n\n\n<p>Pour cette 5\u00e8m \u00e9dition, l&rsquo;organisation pr\u00e9voie la pr\u00e9sentation d&rsquo;anthologie du 4 \u00e8me Prix et la remise de prix au laur\u00e9at du m\u00eame prix.<\/p>\n\n\n\n<p>Barca Orly<\/p>\n","protected":false},"excerpt":{"rendered":"<p>Le Centre Wallonie-Bruxelles organise le lancement de la 5em \u00c9dition du prix Zamenga ce lundi 16 mais \u00e0 12 heures.C&rsquo;est-ce qu&rsquo;annonce le Centre Wallonie \u00e0 travers un communiqu\u00e9 parvenu \u00e0 la r\u00e9daction de Times.cd ce dimanche. \u00c0 l&rsquo;intention de jeunes plumes, le prix Zamenga est organis\u00e9 chaque ann\u00e9e par le Centre Wallonie Bruxelles de Kinshasa. [&hellip;]<\/p>\n","protected":false},"author":1,"featured_media":1558,"comment_status":"open","ping_status":"open","sticky":false,"template":"","format":"standard","meta":{"footnotes":""},"categories":[23],"tags":[],"_links":{"self":[{"href":"https:\/\/times.cd\/index.php\/wp-json\/wp\/v2\/posts\/1557"}],"collection":[{"href":"https:\/\/times.cd\/index.php\/wp-json\/wp\/v2\/posts"}],"about":[{"href":"https:\/\/times.cd\/index.php\/wp-json\/wp\/v2\/types\/post"}],"author":[{"embeddable":true,"href":"https:\/\/times.cd\/index.php\/wp-json\/wp\/v2\/users\/1"}],"replies":[{"embeddable":true,"href":"https:\/\/times.cd\/index.php\/wp-json\/wp\/v2\/comments?post=1557"}],"version-history":[{"count":1,"href":"https:\/\/times.cd\/index.php\/wp-json\/wp\/v2\/posts\/1557\/revisions"}],"predecessor-version":[{"id":1559,"href":"https:\/\/times.cd\/index.php\/wp-json\/wp\/v2\/posts\/1557\/revisions\/1559"}],"wp:featuredmedia":[{"embeddable":true,"href":"https:\/\/times.cd\/index.php\/wp-json\/wp\/v2\/media\/1558"}],"wp:attachment":[{"href":"https:\/\/times.cd\/index.php\/wp-json\/wp\/v2\/media?parent=1557"}],"wp:term":[{"taxonomy":"category","embeddable":true,"href":"https:\/\/times.cd\/index.php\/wp-json\/wp\/v2\/categories?post=1557"},{"taxonomy":"post_tag","embeddable":true,"href":"https:\/\/times.cd\/index.php\/wp-json\/wp\/v2\/tags?post=1557"}],"curies":[{"name":"wp","href":"https:\/\/api.w.org\/{rel}","templated":true}]}}