{"id":1545,"date":"2022-05-15T08:44:47","date_gmt":"2022-05-15T08:44:47","guid":{"rendered":"https:\/\/times.cd\/?p=1545"},"modified":"2022-05-15T08:51:13","modified_gmt":"2022-05-15T08:51:13","slug":"rdc-louvrage-histoire-de-rdc-du-professeur-isidore-ndaywel-porte-sur-fonds-batissimo-par-le-professeur-modeste-bahati","status":"publish","type":"post","link":"https:\/\/times.cd\/index.php\/2022\/05\/15\/rdc-louvrage-histoire-de-rdc-du-professeur-isidore-ndaywel-porte-sur-fonds-batissimo-par-le-professeur-modeste-bahati\/","title":{"rendered":"RDC: l&rsquo;ouvrage histoire de la RDC du professeur Isidore Ndaywel, port\u00e9 sur fonts batissimaux par le professeur Modeste Bahati"},"content":{"rendered":"\n<p><\/p>\n\n\n\n<p><\/p>\n\n\n\n<p>Le professeur \u00e9m\u00e9rite Isidore Ndaywel a publi\u00e9 un ouvrage qui retrace \u00ab\u00a0l&rsquo;histoire de la R\u00e9publique D\u00e9mocratique du Congo racont\u00e9e \u00e0 nos enfants\u00a0\u00bb.<br>Cet ouvrage de 83 pages a \u00e9t\u00e9 port\u00e9 sur les fonts baptismaux le samedi 13 mai \u00e0 Kinshasa, par le professeur Modeste Bahati Lukwebo, pr\u00e9sident du s\u00e9nat en R\u00e9publique d\u00e9mocratique du Congo.<\/p>\n\n\n\n<p>Apr\u00e8s avoir accompagn\u00e9 l&rsquo;actuel pr\u00e9sident F\u00e9lix Tshisekedi pendant 1 ans, alors pr\u00e9sident de l&rsquo;Union Africaine, l&rsquo;auteur revient, dans son livre compos\u00e9 de 6 chapitres, notamment sur les grandes dates de l&rsquo;histoire de la R\u00e9publique D\u00e9mocratique du Congo, y compris, Empires, Royaumes et Seigneuries, 75 ans de colonisation.<\/p>\n\n\n\n<p>Pour le professeur Modeste Bahati Lukwebo, Il s&rsquo;agit ici de la volont\u00e9 qui avait \u00e9t\u00e9 exprim\u00e9e par le tout premier premier ministre de notre pays, Patrice Lumumba.<\/p>\n\n\n\n<p>\u00ab\u00a0l&rsquo;histoire dira un jour son mot, mais ce ne pas l&rsquo;histoire qu&rsquo;on enseignera aux Nations-Unies, Washington, Paris ou Bruxelles. l&rsquo;Afrique \u00e9crira sa propre histoire et elle sera au nord et au sud du Sahara une histoire de gloire et de dignit\u00e9\u00a0\u00bb.<\/p>\n\n\n\n<p>\u00ab\u00a0Cet ouvrage est destin\u00e9 aux enfants de l&rsquo;\u00e9cole fondamentale, primaire et secondaire pour qu&rsquo;ils puissent connaitre ce qui c&rsquo;est pass\u00e9 \u00e0 notre pays\u00a0\u00bb, a-t-il dit<\/p>\n\n\n\n<p>Et d&rsquo;ajouter, lorsque les autres \u00e9crivent pour nous, ils peuvent \u00e9crire ce qu&rsquo;ils veulent, ils peuvent omettre volonterment certains faits. C&rsquo;est une occasion qui a \u00e9t\u00e9 donn\u00e9e \u00e0 nos enfants de pouvoir apprendre notre propre histoire. A-t-il conclu<\/p>\n\n\n\n<p>\u00abD&rsquo;abord hommage \u00e0 tous les coll\u00e8gues professeur \u00e0 la t\u00eate duquel le professeur Ndaywel qui ont travaill\u00e9 pour redonner une m\u00e9moire car, un peuple sans m\u00e9moire est un peuple sans histoire, je peux dire aussi qu&rsquo;un peuple sans histoire est un peuple sans civilisation, voil\u00e0 pourquoi j&rsquo;estime que l&rsquo;histoire de RDC en image, document\u00e9e d\u00e9taill\u00e9e, est un excellent Cadeau pour nos projeniture \u00bb, a r\u00e9agi le Professeur Emile Ngoi Kasongo l&rsquo;actuel DG de l&rsquo;ISC\/Gombe qui a pris part \u00e0 cette c\u00e9r\u00e9monie.<\/p>\n\n\n\n<p>Il sied de noter que plusieurs hautes personnalit\u00e9s du pays ont pris part \u00e0 la c\u00e9r\u00e9monie du bapt\u00eame de l&rsquo;ouvrage du Professeur Isidore Ndaywel dont le vice-ministre des Transports voies de Communication et de d\u00e9senclavement, Me. Marc Ekila Likombo et le directeur de cabinet du Chef de l&rsquo;\u00c9tat, F\u00e9lix Tshisekedi.<\/p>\n\n\n\n<p>Publi\u00e9 dans les \u00e9ditions du Jaguar, cet ouvrage qui retrace l&rsquo;histoire de de la R\u00e9publique D\u00e9mocratique du Congo est gratuit, un lot important a \u00e9t\u00e9 remis au ministre de l&rsquo;EPST et son coll\u00e8gue de la Culture, Arts et Patrimoines.<\/p>\n\n\n\n<p>Francis Luende<\/p>\n","protected":false},"excerpt":{"rendered":"<p>Le professeur \u00e9m\u00e9rite Isidore Ndaywel a publi\u00e9 un ouvrage qui retrace \u00ab\u00a0l&rsquo;histoire de la R\u00e9publique D\u00e9mocratique du Congo racont\u00e9e \u00e0 nos enfants\u00a0\u00bb.Cet ouvrage de 83 pages a \u00e9t\u00e9 port\u00e9 sur les fonts baptismaux le samedi 13 mai \u00e0 Kinshasa, par le professeur Modeste Bahati Lukwebo, pr\u00e9sident du s\u00e9nat en R\u00e9publique d\u00e9mocratique du Congo. Apr\u00e8s avoir [&hellip;]<\/p>\n","protected":false},"author":1,"featured_media":1546,"comment_status":"open","ping_status":"open","sticky":false,"template":"","format":"standard","meta":{"footnotes":""},"categories":[23],"tags":[],"_links":{"self":[{"href":"https:\/\/times.cd\/index.php\/wp-json\/wp\/v2\/posts\/1545"}],"collection":[{"href":"https:\/\/times.cd\/index.php\/wp-json\/wp\/v2\/posts"}],"about":[{"href":"https:\/\/times.cd\/index.php\/wp-json\/wp\/v2\/types\/post"}],"author":[{"embeddable":true,"href":"https:\/\/times.cd\/index.php\/wp-json\/wp\/v2\/users\/1"}],"replies":[{"embeddable":true,"href":"https:\/\/times.cd\/index.php\/wp-json\/wp\/v2\/comments?post=1545"}],"version-history":[{"count":2,"href":"https:\/\/times.cd\/index.php\/wp-json\/wp\/v2\/posts\/1545\/revisions"}],"predecessor-version":[{"id":1550,"href":"https:\/\/times.cd\/index.php\/wp-json\/wp\/v2\/posts\/1545\/revisions\/1550"}],"wp:featuredmedia":[{"embeddable":true,"href":"https:\/\/times.cd\/index.php\/wp-json\/wp\/v2\/media\/1546"}],"wp:attachment":[{"href":"https:\/\/times.cd\/index.php\/wp-json\/wp\/v2\/media?parent=1545"}],"wp:term":[{"taxonomy":"category","embeddable":true,"href":"https:\/\/times.cd\/index.php\/wp-json\/wp\/v2\/categories?post=1545"},{"taxonomy":"post_tag","embeddable":true,"href":"https:\/\/times.cd\/index.php\/wp-json\/wp\/v2\/tags?post=1545"}],"curies":[{"name":"wp","href":"https:\/\/api.w.org\/{rel}","templated":true}]}}