{"id":1530,"date":"2022-05-13T15:09:17","date_gmt":"2022-05-13T15:09:17","guid":{"rendered":"https:\/\/times.cd\/?p=1530"},"modified":"2022-05-13T15:09:18","modified_gmt":"2022-05-13T15:09:18","slug":"festival-du-film-europeen-le-film-mama-de-pablo-de-chica-en-honneur","status":"publish","type":"post","link":"https:\/\/times.cd\/index.php\/2022\/05\/13\/festival-du-film-europeen-le-film-mama-de-pablo-de-chica-en-honneur\/","title":{"rendered":"Festival du Film Europ\u00e9en : le film \u00a0\u00bb Mama\u00a0\u00bb de Pablo de Chica en honneur"},"content":{"rendered":"\n<p>Festival du Film Europ\u00e9en : le film \u00a0\u00bb Mama\u00a0\u00bb de Pablo de Chica en honneur<\/p>\n\n\n\n<p>La sixi\u00e8me \u00e9dition du Festival du Film Europ\u00e9en a ouvert ses portes ce jeudi le 12 mai \u00e0 la Grande Halle de l&rsquo; Institut Fran\u00e7ais de Kinshasa, avec le film\u00a0\u00bb Mama\u00a0\u00bb, du cin\u00e9aste espagnol, Pablo de Chica, r\u00e9cipiendaire du dernier Prix Goya, cat\u00e9gorie du meilleur court- m\u00e9trage documentaire.<\/p>\n\n\n\n<p>Ce film, qui dans son synopsis relate l&rsquo;histoire, de Nana Zawadi femme viol\u00e9e dans l&rsquo;est de la R\u00e9publique D\u00e9mocratique du Congo et le braquage des gorilles par des rebelles.<\/p>\n\n\n\n<p>Et, cette famme s&rsquo;est transform\u00e9e en une militante de la cause de l&rsquo; holocauste des animaux et contre le viol faite \u00e0 la femme.<\/p>\n\n\n\n<p>L&rsquo; ancienne pensionnaire. de l&rsquo; h\u00f4pital de Panzi, chez le Prix Nobel de la Paix, Docteur Denis Mukwenge.<br>Nana Zamadi par une anecdote, salue le combat qu&rsquo; am\u00e8ne le gyn\u00e9cologue congolais, celle de r\u00e9parer le fistule de la femme viol\u00e9e de l&rsquo; Est.<\/p>\n\n\n\n<p>\u00c9prise du sentiment de la r\u00e9miniscence, elle saurait continuer l&rsquo;histoire du haut du podium\u2026<\/p>\n\n\n\n<p>Absent \u00e0 la c\u00e9r\u00e9monie, Pablo de Chica a \u00e9t\u00e9 visualis\u00e9 depuis son Espagne natal, en lan\u00e7ant un message fort \u00e0 l&rsquo;endroit du public qui a donn\u00e9 une approbation sur la trame de son film.Un biopic qui traite le braquage et la femme viol\u00e9e.<\/p>\n\n\n\n<p>Par ailleurs, nombreux, cin\u00e9astes du pays et europ\u00e9enns ont rehauss\u00e9s pr\u00e9sent \u00e0 cette c\u00e9r\u00e9monie d&rsquo; ouverture.<br>Avec la pr\u00e9sence de consulaires Europ\u00e9ens au pays, l&rsquo;ambassadeur Jean &#8211; Marc Ch\u00e2taignier de la Commission Europ\u00e9enne, Bruno Aubert celle de l&rsquo; Hexagone, Fran\u00e7ois Behue directeur de l&rsquo; Institut Fran\u00e7ais, Kathryn Brahy d\u00e9l\u00e9gu\u00e9e g\u00e9n\u00e9rale du Centre Wallonie- Bruxelles et tant d&rsquo;autres invit\u00e9s de marques.<\/p>\n\n\n\n<p>\u00c0 noter que, la sixi\u00e8me \u00e9dition durera vintg jours, pandent lequels se tiendra des formations et ateliers en \u00e9criture cin\u00e9matographique, marteclass \u00e0 l&rsquo;endroit des cin\u00e9astes congolais.<br>Le Festival du Film Europ\u00e9en est un carrefour du 7 \u00e8me art entre les films du vieux continent et du pays de Albert Mongita.<\/p>\n\n\n\n<p>Barca Horly Fibilulu<\/p>\n","protected":false},"excerpt":{"rendered":"<p>Festival du Film Europ\u00e9en : le film \u00a0\u00bb Mama\u00a0\u00bb de Pablo de Chica en honneur La sixi\u00e8me \u00e9dition du Festival du Film Europ\u00e9en a ouvert ses portes ce jeudi le 12 mai \u00e0 la Grande Halle de l&rsquo; Institut Fran\u00e7ais de Kinshasa, avec le film\u00a0\u00bb Mama\u00a0\u00bb, du cin\u00e9aste espagnol, Pablo de Chica, r\u00e9cipiendaire du dernier [&hellip;]<\/p>\n","protected":false},"author":1,"featured_media":1531,"comment_status":"open","ping_status":"open","sticky":false,"template":"","format":"standard","meta":{"footnotes":""},"categories":[23],"tags":[],"_links":{"self":[{"href":"https:\/\/times.cd\/index.php\/wp-json\/wp\/v2\/posts\/1530"}],"collection":[{"href":"https:\/\/times.cd\/index.php\/wp-json\/wp\/v2\/posts"}],"about":[{"href":"https:\/\/times.cd\/index.php\/wp-json\/wp\/v2\/types\/post"}],"author":[{"embeddable":true,"href":"https:\/\/times.cd\/index.php\/wp-json\/wp\/v2\/users\/1"}],"replies":[{"embeddable":true,"href":"https:\/\/times.cd\/index.php\/wp-json\/wp\/v2\/comments?post=1530"}],"version-history":[{"count":1,"href":"https:\/\/times.cd\/index.php\/wp-json\/wp\/v2\/posts\/1530\/revisions"}],"predecessor-version":[{"id":1532,"href":"https:\/\/times.cd\/index.php\/wp-json\/wp\/v2\/posts\/1530\/revisions\/1532"}],"wp:featuredmedia":[{"embeddable":true,"href":"https:\/\/times.cd\/index.php\/wp-json\/wp\/v2\/media\/1531"}],"wp:attachment":[{"href":"https:\/\/times.cd\/index.php\/wp-json\/wp\/v2\/media?parent=1530"}],"wp:term":[{"taxonomy":"category","embeddable":true,"href":"https:\/\/times.cd\/index.php\/wp-json\/wp\/v2\/categories?post=1530"},{"taxonomy":"post_tag","embeddable":true,"href":"https:\/\/times.cd\/index.php\/wp-json\/wp\/v2\/tags?post=1530"}],"curies":[{"name":"wp","href":"https:\/\/api.w.org\/{rel}","templated":true}]}}