{"id":1519,"date":"2022-05-12T09:10:34","date_gmt":"2022-05-12T09:10:34","guid":{"rendered":"https:\/\/times.cd\/?p=1519"},"modified":"2022-05-12T09:12:47","modified_gmt":"2022-05-12T09:12:47","slug":"cinema-linstitut-francais-de-kinshasa-ouvre-ses-portes-a-la-ceremonie-de-la-sixieme-edition-du-festival-des-films-europeenne","status":"publish","type":"post","link":"https:\/\/times.cd\/index.php\/2022\/05\/12\/cinema-linstitut-francais-de-kinshasa-ouvre-ses-portes-a-la-ceremonie-de-la-sixieme-edition-du-festival-des-films-europeenne\/","title":{"rendered":"Cin\u00e9ma : l&rsquo;Institut Fran\u00e7ais de Kinshasa ouvre ses portes \u00e0 la c\u00e9r\u00e9monie de la sixi\u00e8me \u00e9dition du Festival des films Europ\u00e9enne"},"content":{"rendered":"\n<p><\/p>\n\n\n\n<p>Lanc\u00e9e depuis le mardi 10 mai dans les enclos de la Halle de Gombe, la c\u00e9r\u00e9monie solennelle de la sixi\u00e8me \u00e9dition du Festival du film Europ\u00e9en d\u00e9bute ce soir \u00e0 18 h et demie dans la grande Halle de Halef.<\/p>\n\n\n\n<p>Consid\u00e9r\u00e9 comme une embouchure, entre les films Europ\u00e9ens et les films congolais, vingt jours pendant lesquels, le 7 \u00e8me art du Congo va jumel\u00e9 avec celle du Vieux continent, avec des th\u00e9matiques non seulement communes mais aussi diff\u00e9rentes.<\/p>\n\n\n\n<p>Pandent cette \u00e9ni\u00e8me \u00e9dition, les jeunes cin\u00e9astes du pays seront former en \u00e9criture cin\u00e9matographique, formations, masterclass et quelques t\u00e9moignages sur l&rsquo;exp\u00e9rience des cin\u00e9astes Europ\u00e9enne.<\/p>\n\n\n\n<p>\u00c0 noter, le film du r\u00e9alisateur Pablo de la Chica\u00a0\u00bb Mama\u00a0\u00bb, prix Goya du court -m\u00e9trage du film documentaire sera en honneur.<\/p>\n\n\n\n<p>Le Festival du film Europ\u00e9enne organis\u00e9 par le p\u00f4le Eunic- RDC et l&rsquo; Institut Fran\u00e7ais de Kinshasa avec des<br>antenes de la maison de France au pays.<\/p>\n\n\n\n<p>Barca Horly<\/p>\n","protected":false},"excerpt":{"rendered":"<p>Lanc\u00e9e depuis le mardi 10 mai dans les enclos de la Halle de Gombe, la c\u00e9r\u00e9monie solennelle de la sixi\u00e8me \u00e9dition du Festival du film Europ\u00e9en d\u00e9bute ce soir \u00e0 18 h et demie dans la grande Halle de Halef. Consid\u00e9r\u00e9 comme une embouchure, entre les films Europ\u00e9ens et les films congolais, vingt jours pendant [&hellip;]<\/p>\n","protected":false},"author":1,"featured_media":1520,"comment_status":"open","ping_status":"open","sticky":false,"template":"","format":"standard","meta":{"footnotes":""},"categories":[23],"tags":[],"_links":{"self":[{"href":"https:\/\/times.cd\/index.php\/wp-json\/wp\/v2\/posts\/1519"}],"collection":[{"href":"https:\/\/times.cd\/index.php\/wp-json\/wp\/v2\/posts"}],"about":[{"href":"https:\/\/times.cd\/index.php\/wp-json\/wp\/v2\/types\/post"}],"author":[{"embeddable":true,"href":"https:\/\/times.cd\/index.php\/wp-json\/wp\/v2\/users\/1"}],"replies":[{"embeddable":true,"href":"https:\/\/times.cd\/index.php\/wp-json\/wp\/v2\/comments?post=1519"}],"version-history":[{"count":2,"href":"https:\/\/times.cd\/index.php\/wp-json\/wp\/v2\/posts\/1519\/revisions"}],"predecessor-version":[{"id":1522,"href":"https:\/\/times.cd\/index.php\/wp-json\/wp\/v2\/posts\/1519\/revisions\/1522"}],"wp:featuredmedia":[{"embeddable":true,"href":"https:\/\/times.cd\/index.php\/wp-json\/wp\/v2\/media\/1520"}],"wp:attachment":[{"href":"https:\/\/times.cd\/index.php\/wp-json\/wp\/v2\/media?parent=1519"}],"wp:term":[{"taxonomy":"category","embeddable":true,"href":"https:\/\/times.cd\/index.php\/wp-json\/wp\/v2\/categories?post=1519"},{"taxonomy":"post_tag","embeddable":true,"href":"https:\/\/times.cd\/index.php\/wp-json\/wp\/v2\/tags?post=1519"}],"curies":[{"name":"wp","href":"https:\/\/api.w.org\/{rel}","templated":true}]}}