{"id":1493,"date":"2022-05-11T07:42:53","date_gmt":"2022-05-11T07:42:53","guid":{"rendered":"https:\/\/times.cd\/?p=1493"},"modified":"2022-05-11T07:44:43","modified_gmt":"2022-05-11T07:44:43","slug":"culture-les-oeuvres-de-jean-in-bofane-en-honneurs-a-wallonie-bruxelles","status":"publish","type":"post","link":"https:\/\/times.cd\/index.php\/2022\/05\/11\/culture-les-oeuvres-de-jean-in-bofane-en-honneurs-a-wallonie-bruxelles\/","title":{"rendered":"Culture : les \u0153uvres de Jean In Bofane en honneurs \u00e0 Wallonie Bruxelles"},"content":{"rendered":"\n<p><\/p>\n\n\n\n<p><\/p>\n\n\n\n<p>Organis\u00e9e par le Cercle des Ecrivains Congolais et la D\u00e9l\u00e9gation G\u00e9n\u00e9rale du Centre Wallonie- Bruxelles \u00e0 la Biblioth\u00e8que du Centre, sous le coup de 15 heures et demie, heure locale. Le \u00ab\u00a0Jean Bofane Master class\u00a0\u00bb est une occasion pour les amoureux de la litt\u00e9rature congolaise de vivre le bons moments de la vie, en baignant aux eaux profondes et aux vagues des \u0153uvres du gourou de la litt\u00e9rature du pays Zamenga.<\/p>\n\n\n\n<p>Deux heure durant lesquelles, les followers de la culture litt\u00e9raire ont exploit\u00e9es la grande for\u00eat de l&rsquo;\u00e9criture de In Koli Bofane.<\/p>\n\n\n\n<p>Dans la foul\u00e9e, l&rsquo;\u00e9crivain congolais a du parl\u00e9 des difficult\u00e9s entre un auteur et sa maison d&rsquo; \u00e9dition. Tout en encourage les jeunes plumes du pays \u00e0 s&rsquo; efforcer dans la litt\u00e9rature bien que, le pays des maisons des \u00e9ditions s\u00e9rieuses, mais aussi des grandes maisons \u00e0 cause de la situation \u00e9conomique et sociale que traverse le pays .<\/p>\n\n\n\n<p>N\u00e9 \u00e0 Mbandaka en 1960, il va quitter son Congo natal en 1993 pour la Belgique.<br>Un exil non souhait\u00e9, car son pays \u00e9tait secou\u00e9 par la grande crise \u00e9conomique, politique et sociale qui annonc\u00e9e sonner le glas du d\u00e9part de Mar\u00e9chal de Mobutu, qui le peint dans son premier oeuvre sortie en 1996 aux \u00e9ditions Gallimard d\u00e9nomm\u00e9e \u00a0\u00bb Pourquoi, le lion n&rsquo;est pas le Roi des animaux\u00a0\u00bb .<\/p>\n\n\n\n<p>Et il va publi\u00e9 les ann\u00e9es plus tard, une \u0153uvre, qui va mettre fin avec sa premi\u00e8re maison \u00a0\u00bb Gallimard \u00ab\u00a0, \u00ab\u00a0Bibi le Canard en 2000.<\/p>\n\n\n\n<p>Il rena\u00eet de propres cendres en litt\u00e9rature en 2008 avec \u00ab\u00a0La Math\u00e9matique congolaise\u00a0\u00bb, une fresque transversale qui brosse en m\u00eame dans les m\u00e9nages de congolais, la manipulation politiciennes, la \u00ab\u00a0la Guerre de l&rsquo; Est\u00a0\u00bb, et comment les congolais calculent leurs vies.<br>\u0152uvre qui fera son ascension au Continent et au monde avec beaucoup de nominations, puis s&rsquo;en est suivi du Grand Prix de la litt\u00e9rature de l&rsquo; Afrique noire en 2009.<\/p>\n\n\n\n<p>Jean in Koli Bofane a peint de nombreux tableaux qui concernent notre Plan\u00e8te.<br>Le G\u00e9nocide Rwando-ougandais, La Guerre de Kosovo, l&rsquo; invasion am\u00e9ricaine en Irak, le moult Coups d&rsquo; \u00e9tats op\u00e9r\u00e9s au Continent, le monde arabe et son racisme contre le, \u00ab\u00a0retrac\u00e9 dans son roman\u00a0\u00bb La Belle de Casa\u00a0\u00bb, le Printemps arabe etc. Cet \u00e9crivain une voix de la conscience, un narrateur des causes juxtapos\u00e9es avec des intrigues pleins de chiasmes. atteindre la note explicative du critique de Jean- Paul Ilopi.<\/p>\n\n\n\n<p>\u00c0 savoir, Jean In Koli Bofane avait re\u00e7u l&rsquo; ann\u00e9e derni\u00e8re le prestigieux \u00a0\u00bb Prix Makomi\u00a0\u00bb organis\u00e9 par le Cercle des ecrivains congolais.<\/p>\n\n\n\n<p>Pour ce faire, une pompe d&rsquo;applaudissements a \u00e9t\u00e9 acclam\u00e9e \u00e0 son honneur par l&rsquo;assistance et d\u00e9sormais son effigie est aggrav\u00e9e \u00e0 la Biblioth\u00e8que, une sorte d&rsquo; empreinte qui honore les ecrivains du pays.<br>Son tableau est le sixi\u00e8me pos\u00e9 pour un ecrivain en vue.<\/p>\n\n\n\n<p>Une anecdote, Jean In Koli Bofane est surnomm\u00e9 le\u00a0\u00bb Papa Wemba de la litt\u00e9rature \u00ab\u00a0, \u00e0 cause son amour infini pour la sape.<\/p>\n\n\n\n<p>Barca Horly<\/p>\n","protected":false},"excerpt":{"rendered":"<p>Organis\u00e9e par le Cercle des Ecrivains Congolais et la D\u00e9l\u00e9gation G\u00e9n\u00e9rale du Centre Wallonie- Bruxelles \u00e0 la Biblioth\u00e8que du Centre, sous le coup de 15 heures et demie, heure locale. Le \u00ab\u00a0Jean Bofane Master class\u00a0\u00bb est une occasion pour les amoureux de la litt\u00e9rature congolaise de vivre le bons moments de la vie, en baignant [&hellip;]<\/p>\n","protected":false},"author":1,"featured_media":1494,"comment_status":"open","ping_status":"open","sticky":false,"template":"","format":"standard","meta":{"footnotes":""},"categories":[23],"tags":[],"_links":{"self":[{"href":"https:\/\/times.cd\/index.php\/wp-json\/wp\/v2\/posts\/1493"}],"collection":[{"href":"https:\/\/times.cd\/index.php\/wp-json\/wp\/v2\/posts"}],"about":[{"href":"https:\/\/times.cd\/index.php\/wp-json\/wp\/v2\/types\/post"}],"author":[{"embeddable":true,"href":"https:\/\/times.cd\/index.php\/wp-json\/wp\/v2\/users\/1"}],"replies":[{"embeddable":true,"href":"https:\/\/times.cd\/index.php\/wp-json\/wp\/v2\/comments?post=1493"}],"version-history":[{"count":1,"href":"https:\/\/times.cd\/index.php\/wp-json\/wp\/v2\/posts\/1493\/revisions"}],"predecessor-version":[{"id":1495,"href":"https:\/\/times.cd\/index.php\/wp-json\/wp\/v2\/posts\/1493\/revisions\/1495"}],"wp:featuredmedia":[{"embeddable":true,"href":"https:\/\/times.cd\/index.php\/wp-json\/wp\/v2\/media\/1494"}],"wp:attachment":[{"href":"https:\/\/times.cd\/index.php\/wp-json\/wp\/v2\/media?parent=1493"}],"wp:term":[{"taxonomy":"category","embeddable":true,"href":"https:\/\/times.cd\/index.php\/wp-json\/wp\/v2\/categories?post=1493"},{"taxonomy":"post_tag","embeddable":true,"href":"https:\/\/times.cd\/index.php\/wp-json\/wp\/v2\/tags?post=1493"}],"curies":[{"name":"wp","href":"https:\/\/api.w.org\/{rel}","templated":true}]}}