{"id":12407,"date":"2026-09-03T17:44:50","date_gmt":"2026-09-03T17:44:50","guid":{"rendered":"https:\/\/times.cd\/?p=12407"},"modified":"2026-09-03T17:44:50","modified_gmt":"2026-09-03T17:44:50","slug":"sao-tome-et-principe-felix-tshisekedi-participe-a-linvestiture-de-carlos-vila-nova","status":"publish","type":"post","link":"https:\/\/times.cd\/index.php\/2026\/09\/03\/sao-tome-et-principe-felix-tshisekedi-participe-a-linvestiture-de-carlos-vila-nova\/","title":{"rendered":"S\u00e3o Tom\u00e9-et-Pr\u00edncipe : F\u00e9lix Tshisekedi participe \u00e0 l\u2019investiture de Carlos Vila Nova"},"content":{"rendered":"\n<p>Le Pr\u00e9sident de la R\u00e9publique d\u00e9mocratique du Congo, F\u00e9lix-Antoine Tshisekedi, a pris part, ce jeudi 3 septembre 2026 \u00e0 S\u00e3o Tom\u00e9, \u00e0 la c\u00e9r\u00e9monie d\u2019investiture de son homologue santom\u00e9en, Carlos Manuel Vila Nova, r\u00e9\u00e9lu le 19 juillet dernier pour un nouveau mandat de cinq ans.<\/p>\n\n\n\n<p>Cette c\u00e9r\u00e9monie solennelle a r\u00e9uni plusieurs personnalit\u00e9s et dirigeants venus assister \u00e0 l\u2019entr\u00e9e en fonction du Pr\u00e9sident de S\u00e3o Tom\u00e9-et-Pr\u00edncipe. Pour Carlos Vila Nova, ce nouveau mandat sera plac\u00e9 sous le signe de l\u2019unit\u00e9 nationale, du travail, de la r\u00e9conciliation politique et du renforcement de la confiance.<\/p>\n\n\n\n<p>En marge de cette c\u00e9r\u00e9monie, F\u00e9lix-Antoine Tshisekedi s\u2019est \u00e9galement entretenu avec le Premier ministre de S\u00e3o Tom\u00e9-et-Pr\u00edncipe, Am\u00e9rico Ramos. Les \u00e9changes entre les deux responsables ont notamment constitu\u00e9 une occasion de renforcer les relations entre Kinshasa et S\u00e3o Tom\u00e9.<\/p>\n\n\n\n<p>La pr\u00e9sence du Chef de l\u2019\u00c9tat congolais \u00e0 cette investiture traduit ainsi la volont\u00e9 de la R\u00e9publique d\u00e9mocratique du Congo de consolider ses relations avec S\u00e3o Tom\u00e9-et-Pr\u00edncipe et de d\u00e9velopper davantage la coop\u00e9ration entre les deux pays.<\/p>\n\n\n\n<p>Ce d\u00e9placement pr\u00e9sidentiel intervient dans un contexte o\u00f9 les \u00c9tats africains cherchent \u00e0 renforcer leurs partenariats bilat\u00e9raux et \u00e0 promouvoir une coop\u00e9ration fond\u00e9e sur les int\u00e9r\u00eats communs, la solidarit\u00e9 et le d\u00e9veloppement.<\/p>\n\n\n\n<p>Avec cette participation \u00e0 l\u2019investiture de Carlos Vila Nova, la RDC r\u00e9affirme son engagement \u00e0 entretenir des relations de proximit\u00e9 avec les autres \u00c9tats du continent et \u00e0 contribuer au renforcement de la coop\u00e9ration africaine.<\/p>\n","protected":false},"excerpt":{"rendered":"<p>Le Pr\u00e9sident de la R\u00e9publique d\u00e9mocratique du Congo, F\u00e9lix-Antoine Tshisekedi, a pris part, ce jeudi 3 septembre 2026 \u00e0 S\u00e3o Tom\u00e9, \u00e0 la c\u00e9r\u00e9monie d\u2019investiture de son homologue santom\u00e9en, Carlos Manuel Vila Nova, r\u00e9\u00e9lu le 19 juillet dernier pour un nouveau mandat de cinq ans. Cette c\u00e9r\u00e9monie solennelle a r\u00e9uni plusieurs personnalit\u00e9s et dirigeants venus [&hellip;]<\/p>\n","protected":false},"author":1,"featured_media":12408,"comment_status":"open","ping_status":"open","sticky":false,"template":"","format":"standard","meta":{"footnotes":""},"categories":[25],"tags":[],"_links":{"self":[{"href":"https:\/\/times.cd\/index.php\/wp-json\/wp\/v2\/posts\/12407"}],"collection":[{"href":"https:\/\/times.cd\/index.php\/wp-json\/wp\/v2\/posts"}],"about":[{"href":"https:\/\/times.cd\/index.php\/wp-json\/wp\/v2\/types\/post"}],"author":[{"embeddable":true,"href":"https:\/\/times.cd\/index.php\/wp-json\/wp\/v2\/users\/1"}],"replies":[{"embeddable":true,"href":"https:\/\/times.cd\/index.php\/wp-json\/wp\/v2\/comments?post=12407"}],"version-history":[{"count":1,"href":"https:\/\/times.cd\/index.php\/wp-json\/wp\/v2\/posts\/12407\/revisions"}],"predecessor-version":[{"id":12409,"href":"https:\/\/times.cd\/index.php\/wp-json\/wp\/v2\/posts\/12407\/revisions\/12409"}],"wp:featuredmedia":[{"embeddable":true,"href":"https:\/\/times.cd\/index.php\/wp-json\/wp\/v2\/media\/12408"}],"wp:attachment":[{"href":"https:\/\/times.cd\/index.php\/wp-json\/wp\/v2\/media?parent=12407"}],"wp:term":[{"taxonomy":"category","embeddable":true,"href":"https:\/\/times.cd\/index.php\/wp-json\/wp\/v2\/categories?post=12407"},{"taxonomy":"post_tag","embeddable":true,"href":"https:\/\/times.cd\/index.php\/wp-json\/wp\/v2\/tags?post=12407"}],"curies":[{"name":"wp","href":"https:\/\/api.w.org\/{rel}","templated":true}]}}