{"id":12397,"date":"2026-09-03T08:42:24","date_gmt":"2026-09-03T08:42:24","guid":{"rendered":"https:\/\/times.cd\/?p=12397"},"modified":"2026-09-03T08:42:25","modified_gmt":"2026-09-03T08:42:25","slug":"kwango-kenge-samuel-mbemba-enflamme-la-population-et-porte-le-dialogue-national-au-coeur-du-peuple","status":"publish","type":"post","link":"https:\/\/times.cd\/index.php\/2026\/09\/03\/kwango-kenge-samuel-mbemba-enflamme-la-population-et-porte-le-dialogue-national-au-coeur-du-peuple\/","title":{"rendered":"Kwango\/Kenge:  Samuel Mbemba enflamme la population et porte le dialogue national au c\u0153ur du peuple"},"content":{"rendered":"\n<p>En s\u00e9jour \u00e0 Kenge, chef-lieu de la province du Kwango, pour l&rsquo;inauguration du nouveau b\u00e2timent de la Division Provinciale des Droits Humains, le Ministre des Droits Humains, Ma\u00eetre Samuel MBEMBA KABUYA TANDA, a \u00e9t\u00e9 accueilli avec ferveur par toute la population, ce mercredi 2 septembre 2026.<\/p>\n\n\n\n<p>Jeunes, parents, membres de la soci\u00e9t\u00e9 civile et militants des partis politiques se sont massivement rassembl\u00e9s \u00e0 la Tribune de Kenge pour \u00e9couter ce digne fils du Kwango, cadre du parti CRD du Patriarche Christophe MBOSO.<\/p>\n\n\n\n<p>Dans son adresse \u00e0 l&rsquo;opinion, le Ministre a us\u00e9 d&rsquo;une m\u00e9taphore forte: celle d&rsquo;une femme malade depuis 30 ans, pour laquelle le sage de la famille convoque une r\u00e9union devant r\u00e9unir tout le monde, y compris les enfants, au moment o\u00f9 oncles, tantes, amis et connaissances s&rsquo;accusent mutuellement sur les causes de la maladie.<\/p>\n\n\n\n<p>Par cette image, le Ministre Samuel MBEMBA a expliqu\u00e9 que Son Excellence Monsieur le Pr\u00e9sident F\u00e9lix-Antoine TSHISEKEDI TSHILOMBO a raison d&rsquo;impliquer le peuple dans ce dialogue qui doit commencer \u00e0 la base, en province, avant d&rsquo;\u00eatre une affaire de bureaux et de restaurants hupp\u00e9s de Kinshasa.<\/p>\n\n\n\n<p>Le peuple a son mot \u00e0 dire cette fois-ci, car tous les autres dialogues n&rsquo;ont abouti qu&rsquo;\u00e0 un partage du pouvoir, sans r\u00e9sultat r\u00e9el sur l&rsquo;unit\u00e9, la paix, la coh\u00e9sion nationale et la refondation de l&rsquo;\u00c9tat.<\/p>\n\n\n\n<figure class=\"wp-block-gallery has-nested-images columns-default is-cropped wp-block-gallery-1 is-layout-flex wp-block-gallery-is-layout-flex\">\n<figure class=\"wp-block-image size-large\"><img loading=\"lazy\" decoding=\"async\" width=\"1024\" height=\"683\" data-id=\"12399\" src=\"https:\/\/times.cd\/wp-content\/uploads\/2026\/09\/IMG-20260903-WA0017-1024x683.jpg\" alt=\"\" class=\"wp-image-12399\" srcset=\"https:\/\/times.cd\/wp-content\/uploads\/2026\/09\/IMG-20260903-WA0017-1024x683.jpg 1024w, https:\/\/times.cd\/wp-content\/uploads\/2026\/09\/IMG-20260903-WA0017-300x200.jpg 300w, https:\/\/times.cd\/wp-content\/uploads\/2026\/09\/IMG-20260903-WA0017-768x512.jpg 768w, https:\/\/times.cd\/wp-content\/uploads\/2026\/09\/IMG-20260903-WA0017-1536x1025.jpg 1536w, https:\/\/times.cd\/wp-content\/uploads\/2026\/09\/IMG-20260903-WA0017-2048x1366.jpg 2048w, https:\/\/times.cd\/wp-content\/uploads\/2026\/09\/IMG-20260903-WA0017-345x230.jpg 345w, https:\/\/times.cd\/wp-content\/uploads\/2026\/09\/IMG-20260903-WA0017-770x513.jpg 770w, https:\/\/times.cd\/wp-content\/uploads\/2026\/09\/IMG-20260903-WA0017-370x247.jpg 370w, https:\/\/times.cd\/wp-content\/uploads\/2026\/09\/IMG-20260903-WA0017-440x294.jpg 440w, https:\/\/times.cd\/wp-content\/uploads\/2026\/09\/IMG-20260903-WA0017-570x380.jpg 570w, https:\/\/times.cd\/wp-content\/uploads\/2026\/09\/IMG-20260903-WA0017-170x113.jpg 170w\" sizes=\"(max-width: 1024px) 100vw, 1024px\" \/><\/figure>\n<\/figure>\n\n\n\n<p>\u00ab\u00a0Le Pr\u00e9sident de la R\u00e9publique a convoqu\u00e9 le dialogue national qu&rsquo;il tient \u00e0 ce que \u00e7a commence par le peuple pour que ce dernier fasse des propositions pour trouver solution \u00e0 la guerre d&rsquo;agression\u00a0\u00bb a dit le Ministre avant d&rsquo;ajouter : \u00ab\u00a0Nous avons alors vu certains individus s&rsquo;opposer \u00e0 cette d\u00e9marche du Pr\u00e9sident de la R\u00e9publique F\u00e9lix Tshisekedi. Pour eux, il fallait appeler les agresseurs du AFC\/M23.<\/p>\n\n\n\n<p>Si quelqu&rsquo;un venait vous dire que pour ce dialogue il faut faire appel aux ouailles du Rwanda, ne l&rsquo;\u00e9couter pas. S&rsquo;il insiste, vous le chasser\u00a0\u00bb, a-t-il dit<\/p>\n\n\n\n<p>Selon le Ministre, ceux qui estiment que le dialogue doit d&rsquo;abord concerner ceux qui ont pris les armes et collaborent avec l&rsquo;agresseur rwandais au d\u00e9triment du peuple ont tort.<\/p>\n\n\n\n<p>Il faut dire que la mobilisation de ce mercredi 2 septembre \u00e9tait telle que la vie s&rsquo;est litt\u00e9ralement arr\u00eat\u00e9e \u00e0 Kenge pour \u00e9couter son Ministre.<\/p>\n","protected":false},"excerpt":{"rendered":"<p>En s\u00e9jour \u00e0 Kenge, chef-lieu de la province du Kwango, pour l&rsquo;inauguration du nouveau b\u00e2timent de la Division Provinciale des Droits Humains, le Ministre des Droits Humains, Ma\u00eetre Samuel MBEMBA KABUYA TANDA, a \u00e9t\u00e9 accueilli avec ferveur par toute la population, ce mercredi 2 septembre 2026. Jeunes, parents, membres de la soci\u00e9t\u00e9 civile et militants [&hellip;]<\/p>\n","protected":false},"author":1,"featured_media":12398,"comment_status":"open","ping_status":"open","sticky":false,"template":"","format":"standard","meta":{"footnotes":""},"categories":[25],"tags":[],"_links":{"self":[{"href":"https:\/\/times.cd\/index.php\/wp-json\/wp\/v2\/posts\/12397"}],"collection":[{"href":"https:\/\/times.cd\/index.php\/wp-json\/wp\/v2\/posts"}],"about":[{"href":"https:\/\/times.cd\/index.php\/wp-json\/wp\/v2\/types\/post"}],"author":[{"embeddable":true,"href":"https:\/\/times.cd\/index.php\/wp-json\/wp\/v2\/users\/1"}],"replies":[{"embeddable":true,"href":"https:\/\/times.cd\/index.php\/wp-json\/wp\/v2\/comments?post=12397"}],"version-history":[{"count":1,"href":"https:\/\/times.cd\/index.php\/wp-json\/wp\/v2\/posts\/12397\/revisions"}],"predecessor-version":[{"id":12400,"href":"https:\/\/times.cd\/index.php\/wp-json\/wp\/v2\/posts\/12397\/revisions\/12400"}],"wp:featuredmedia":[{"embeddable":true,"href":"https:\/\/times.cd\/index.php\/wp-json\/wp\/v2\/media\/12398"}],"wp:attachment":[{"href":"https:\/\/times.cd\/index.php\/wp-json\/wp\/v2\/media?parent=12397"}],"wp:term":[{"taxonomy":"category","embeddable":true,"href":"https:\/\/times.cd\/index.php\/wp-json\/wp\/v2\/categories?post=12397"},{"taxonomy":"post_tag","embeddable":true,"href":"https:\/\/times.cd\/index.php\/wp-json\/wp\/v2\/tags?post=12397"}],"curies":[{"name":"wp","href":"https:\/\/api.w.org\/{rel}","templated":true}]}}