{"id":12392,"date":"2026-09-01T15:50:08","date_gmt":"2026-09-01T15:50:08","guid":{"rendered":"https:\/\/times.cd\/?p=12392"},"modified":"2026-09-01T15:50:09","modified_gmt":"2026-09-01T15:50:09","slug":"rdc-le-pcn-de-willy-bakonga-veut-le-dialogue-mais-pas-a-nimporte-quel-prix","status":"publish","type":"post","link":"https:\/\/times.cd\/index.php\/2026\/09\/01\/rdc-le-pcn-de-willy-bakonga-veut-le-dialogue-mais-pas-a-nimporte-quel-prix\/","title":{"rendered":"RDC : le PCN de Willy Bakonga veut le dialogue\u2026 mais pas \u00e0 n\u2019importe quel prix"},"content":{"rendered":"\n<p>En R\u00e9publique d\u00e9mocratique du Congo, le mot \u00ab dialogue \u00bb semble \u00eatre devenu un peu comme le \u00ab Ndombolo \u00bb : tout le monde veut danser, mais chacun tient \u00e0 choisir la musique.<\/p>\n\n\n\n<p>Willy Bakonga, pr\u00e9sident national du Parti pour un Congo Nouveau (PCN) et ancien ministre de l\u2019EPST, vient de mettre sa voix dans le ch\u0153ur des partisans d\u2019un dialogue national inclusif. Mais attention : pas question, selon lui, d\u2019organiser une grande r\u00e9union o\u00f9 l\u2019on distribuerait les chaises \u00e0 tout le monde, armes sous le bras et casseroles judiciaires sur la t\u00eate.<\/p>\n\n\n\n<p>Pour ce lieutenant du pr\u00e9sident, F\u00e9lix Tshisekedi, l\u2019int\u00e9r\u00eat sup\u00e9rieur du peuple congolais doit rester au centre des discussions, conform\u00e9ment \u00e0 la vision d\u00e9fendue par le pr\u00e9sident F\u00e9lix Tshisekedi.<\/p>\n\n\n\n<p>Une position qui pourrait se r\u00e9sumer ainsi : \u00ab Oui au dialogue, mais d\u2019abord, posons les armes sur la table\u2026 et id\u00e9alement pas avec les armes charg\u00e9es. \u00bb<\/p>\n\n\n\n<p>Bakonga met notamment en garde contre la participation de groupes arm\u00e9s impliqu\u00e9s dans les violences, ainsi que de personnes ou organisations soup\u00e7onn\u00e9es de collusion avec le Rwanda. Avant de venir parler de paix autour d\u2019une table, il faudrait donc, selon lui, commencer par d\u00e9montrer sur le terrain que l\u2019on a r\u00e9ellement tourn\u00e9 la page de la violence.<\/p>\n\n\n\n<p>Une exigence qui risque de compliquer quelque peu l\u2019organisation pratique du dialogue. Car en RDC, convoquer tout le monde \u00e0 une table est une chose ; v\u00e9rifier que chacun arrive sans fusil, sans agenda cach\u00e9 et avec une v\u00e9ritable volont\u00e9 de paix, c\u2019en est une autre.<\/p>\n\n\n\n<p>L\u2019ancien ministre rappelle \u00e9galement que les crimes de guerre et les crimes contre l\u2019humanit\u00e9 commis en RDC ne devraient pas \u00eatre enterr\u00e9s sous le tapis du dialogue national.<br>Et c\u2019est peut-\u00eatre l\u00e0 que commence le vrai casse-t\u00eate : comment parler de r\u00e9conciliation sans transformer la justice en variable d\u2019ajustement ?<br>Car le dialogue peut \u00eatre une porte vers la paix. Mais encore faut-il \u00e9viter qu\u2019il ne devienne cette fameuse porte congolaise qui s\u2019ouvre \u00e0 tout le monde\u2026 sauf \u00e0 la v\u00e9rit\u00e9.<\/p>\n\n\n\n<p>Au fond, le message de Willy Bakonga ressemble \u00e0 une \u00e9quation politique assez simple : dialoguer, oui ; capituler, non ; pardonner, peut-\u00eatre ; oublier, jamais.<br>Reste maintenant \u00e0 savoir qui viendra \u00e0 la table, qui acceptera de d\u00e9poser les armes et surtout qui aura le courage de regarder le peuple congolais dans les yeux apr\u00e8s toutes ces ann\u00e9es de souffrance.<\/p>\n\n\n\n<p>Parce qu\u2019au bout du compte, le principal invit\u00e9 du dialogue devrait \u00eatre celui dont on parle souvent dans les discours, mais qu\u2019on oublie parfois lorsqu\u2019on passe aux d\u00e9cisions : le peuple congolais lui-m\u00eame.<\/p>\n\n\n\n<p>Francis Luende<\/p>\n","protected":false},"excerpt":{"rendered":"<p>En R\u00e9publique d\u00e9mocratique du Congo, le mot \u00ab dialogue \u00bb semble \u00eatre devenu un peu comme le \u00ab Ndombolo \u00bb : tout le monde veut danser, mais chacun tient \u00e0 choisir la musique. Willy Bakonga, pr\u00e9sident national du Parti pour un Congo Nouveau (PCN) et ancien ministre de l\u2019EPST, vient de mettre sa voix dans [&hellip;]<\/p>\n","protected":false},"author":1,"featured_media":12393,"comment_status":"open","ping_status":"open","sticky":false,"template":"","format":"standard","meta":{"footnotes":""},"categories":[25],"tags":[],"_links":{"self":[{"href":"https:\/\/times.cd\/index.php\/wp-json\/wp\/v2\/posts\/12392"}],"collection":[{"href":"https:\/\/times.cd\/index.php\/wp-json\/wp\/v2\/posts"}],"about":[{"href":"https:\/\/times.cd\/index.php\/wp-json\/wp\/v2\/types\/post"}],"author":[{"embeddable":true,"href":"https:\/\/times.cd\/index.php\/wp-json\/wp\/v2\/users\/1"}],"replies":[{"embeddable":true,"href":"https:\/\/times.cd\/index.php\/wp-json\/wp\/v2\/comments?post=12392"}],"version-history":[{"count":1,"href":"https:\/\/times.cd\/index.php\/wp-json\/wp\/v2\/posts\/12392\/revisions"}],"predecessor-version":[{"id":12394,"href":"https:\/\/times.cd\/index.php\/wp-json\/wp\/v2\/posts\/12392\/revisions\/12394"}],"wp:featuredmedia":[{"embeddable":true,"href":"https:\/\/times.cd\/index.php\/wp-json\/wp\/v2\/media\/12393"}],"wp:attachment":[{"href":"https:\/\/times.cd\/index.php\/wp-json\/wp\/v2\/media?parent=12392"}],"wp:term":[{"taxonomy":"category","embeddable":true,"href":"https:\/\/times.cd\/index.php\/wp-json\/wp\/v2\/categories?post=12392"},{"taxonomy":"post_tag","embeddable":true,"href":"https:\/\/times.cd\/index.php\/wp-json\/wp\/v2\/tags?post=12392"}],"curies":[{"name":"wp","href":"https:\/\/api.w.org\/{rel}","templated":true}]}}