{"id":12386,"date":"2026-09-01T13:25:32","date_gmt":"2026-09-01T13:25:32","guid":{"rendered":"https:\/\/times.cd\/?p=12386"},"modified":"2026-09-01T13:27:31","modified_gmt":"2026-09-01T13:27:31","slug":"kasai-oriental-a-mbujimayi-la-metamorphose-de-la-ville-saluee-par-le-depute-national-morice-tshikuya","status":"publish","type":"post","link":"https:\/\/times.cd\/index.php\/2026\/09\/01\/kasai-oriental-a-mbujimayi-la-metamorphose-de-la-ville-saluee-par-le-depute-national-morice-tshikuya\/","title":{"rendered":"Kasa\u00ef-Oriental: \u00c0 Mbujimayi, la m\u00e9tamorphose de la ville salu\u00e9e par le d\u00e9put\u00e9 national Morice Tshikuya"},"content":{"rendered":"\n<p>Mbujimayi change de visage. De jour en jour, la capitale du Kasa\u00ef-Oriental voit \u00e9merger de nouvelles infrastructures qui t\u00e9moignent d\u2019une dynamique de transformation urbaine.<\/p>\n\n\n\n<p>Parmi les signes visibles de ce changement figure la nouvelle Paroisse universitaire Notre-Dame de l\u2019Esp\u00e9rance (PUNDE), dont la d\u00e9dicace a r\u00e9uni plusieurs personnalit\u00e9s et fid\u00e8les.<\/p>\n\n\n\n<p>Pr\u00e9sent \u00e0 cette c\u00e9r\u00e9monie, le d\u00e9put\u00e9 national \u00e9lu de Mbujimayi, Morice Tshikuya, a salu\u00e9 les transformations qui s\u2019op\u00e8rent progressivement dans sa circonscription \u00e9lectorale. Pour lui, ces changements sont le reflet d\u2019une volont\u00e9 politique port\u00e9e au plus haut niveau de l\u2019\u00c9tat.<\/p>\n\n\n\n<figure class=\"wp-block-gallery has-nested-images columns-default is-cropped wp-block-gallery-1 is-layout-flex wp-block-gallery-is-layout-flex\">\n<figure class=\"wp-block-image size-large\"><img loading=\"lazy\" decoding=\"async\" width=\"1024\" height=\"715\" data-id=\"12388\" src=\"https:\/\/times.cd\/wp-content\/uploads\/2026\/09\/FB_IMG_1788173674867-1-1024x715.jpg\" alt=\"\" class=\"wp-image-12388\" srcset=\"https:\/\/times.cd\/wp-content\/uploads\/2026\/09\/FB_IMG_1788173674867-1-1024x715.jpg 1024w, https:\/\/times.cd\/wp-content\/uploads\/2026\/09\/FB_IMG_1788173674867-1-300x209.jpg 300w, https:\/\/times.cd\/wp-content\/uploads\/2026\/09\/FB_IMG_1788173674867-1-768x536.jpg 768w, https:\/\/times.cd\/wp-content\/uploads\/2026\/09\/FB_IMG_1788173674867-1.jpg 1080w\" sizes=\"(max-width: 1024px) 100vw, 1024px\" \/><\/figure>\n<\/figure>\n\n\n\n<p>\u00ab\u00a0Pour chaque jour qui passe, Mbujimayi se m\u00e9tamorphose gr\u00e2ce \u00e0 la plus grande volont\u00e9 politique du pr\u00e9sident F\u00e9lix Tshisekedi\u00a0\u00bb, a d\u00e9clar\u00e9 Morice Tshikuya.<\/p>\n\n\n\n<p>Dans son regard, la transformation de Mbujimayi ne se limite pas \u00e0 quelques ouvrages isol\u00e9s. Elle se traduit par l\u2019apparition progressive d\u2019infrastructures modernes qui contribuent \u00e0 redessiner le paysage de la ville et \u00e0 renforcer son attractivit\u00e9.<br>Une ville qui change de visage<br>La d\u00e9dicace de la Paroisse universitaire Notre-Dame de l\u2019Esp\u00e9rance a ainsi offert une nouvelle illustration de cette \u00e9volution.<\/p>\n\n\n\n<p>L\u2019\u00e9difice religieux, moderne et imposant, vient s\u2019ajouter aux r\u00e9alisations qui modifient progressivement le cadre urbain de Mbujimayi.<\/p>\n\n\n\n<p>\u00ab\u00a0Quand vous entrez, vous trouvez une \u00e9glise moderne, bien b\u00e2tie. Chaque jour, Mbujimayi change de visage et fait parler d\u2019elle \u00bb, a poursuivi le d\u00e9put\u00e9 national.<br>Pour l\u2019\u00e9lu de Mbujimayi, cette transformation constitue un motif de fiert\u00e9 pour les habitants.<\/p>\n\n\n\n<p>Elle nourrit \u00e9galement l\u2019espoir de voir la ville poursuivre sa modernisation \u00e0 travers la construction et la r\u00e9habilitation d\u2019infrastructures dans plusieurs secteurs.<br>Mbujimayi, une circonscription en pleine mutation<br>En tant qu\u2019\u00e9lu de Mbujimayi, Morice Tshikuya entend porter un regard particulier sur l\u2019\u00e9volution de sa base \u00e9lectorale. La ville, longtemps confront\u00e9e \u00e0 d\u2019importants d\u00e9fis en mati\u00e8re d\u2019infrastructures et d\u2019urbanisation, conna\u00eet aujourd\u2019hui une dynamique qui se veut porteuse de nouvelles perspectives.<\/p>\n\n\n\n<figure class=\"wp-block-gallery has-nested-images columns-default is-cropped wp-block-gallery-2 is-layout-flex wp-block-gallery-is-layout-flex\">\n<figure class=\"wp-block-image size-large\"><img loading=\"lazy\" decoding=\"async\" width=\"1024\" height=\"681\" data-id=\"12389\" src=\"https:\/\/times.cd\/wp-content\/uploads\/2026\/09\/FB_IMG_1788173691995-1-1024x681.jpg\" alt=\"\" class=\"wp-image-12389\" srcset=\"https:\/\/times.cd\/wp-content\/uploads\/2026\/09\/FB_IMG_1788173691995-1-1024x681.jpg 1024w, https:\/\/times.cd\/wp-content\/uploads\/2026\/09\/FB_IMG_1788173691995-1-300x199.jpg 300w, https:\/\/times.cd\/wp-content\/uploads\/2026\/09\/FB_IMG_1788173691995-1-768x511.jpg 768w, https:\/\/times.cd\/wp-content\/uploads\/2026\/09\/FB_IMG_1788173691995-1-345x230.jpg 345w, https:\/\/times.cd\/wp-content\/uploads\/2026\/09\/FB_IMG_1788173691995-1-770x513.jpg 770w, https:\/\/times.cd\/wp-content\/uploads\/2026\/09\/FB_IMG_1788173691995-1-370x247.jpg 370w, https:\/\/times.cd\/wp-content\/uploads\/2026\/09\/FB_IMG_1788173691995-1-440x294.jpg 440w, https:\/\/times.cd\/wp-content\/uploads\/2026\/09\/FB_IMG_1788173691995-1-570x380.jpg 570w, https:\/\/times.cd\/wp-content\/uploads\/2026\/09\/FB_IMG_1788173691995-1-170x113.jpg 170w, https:\/\/times.cd\/wp-content\/uploads\/2026\/09\/FB_IMG_1788173691995-1.jpg 1080w\" sizes=\"(max-width: 1024px) 100vw, 1024px\" \/><\/figure>\n<\/figure>\n\n\n\n<p>De la voirie aux infrastructures publiques, en passant par les \u00e9difices religieux et les ouvrages communautaires, plusieurs initiatives participent \u00e0 cette transformation du paysage mbujimayien.<br>\u00c0 travers la d\u00e9dicace de la PUNDE, c\u2019est donc plus qu\u2019un \u00e9v\u00e9nement religieux qui s\u2019est d\u00e9roul\u00e9 : l\u2019occasion a permis de mettre en lumi\u00e8re les mutations visibles d\u2019une ville qui cherche \u00e0 tourner progressivement la page de certaines difficult\u00e9s structurelles.<\/p>\n\n\n\n<p>\u00c0 Mbujimayi, le changement se lit d\u00e9sormais aussi dans le b\u00e9ton, les b\u00e2timents et les nouveaux espaces qui prennent forme. Pour Morice Tshikuya, cette \u00e9volution traduit une dynamique qu\u2019il convient de soutenir et d\u2019amplifier afin que la capitale du Kasa\u00ef-Oriental poursuive sa marche vers la modernisation.<\/p>\n\n\n\n<p>Francis Luende <\/p>\n","protected":false},"excerpt":{"rendered":"<p>Mbujimayi change de visage. De jour en jour, la capitale du Kasa\u00ef-Oriental voit \u00e9merger de nouvelles infrastructures qui t\u00e9moignent d\u2019une dynamique de transformation urbaine. Parmi les signes visibles de ce changement figure la nouvelle Paroisse universitaire Notre-Dame de l\u2019Esp\u00e9rance (PUNDE), dont la d\u00e9dicace a r\u00e9uni plusieurs personnalit\u00e9s et fid\u00e8les. Pr\u00e9sent \u00e0 cette c\u00e9r\u00e9monie, le d\u00e9put\u00e9 [&hellip;]<\/p>\n","protected":false},"author":1,"featured_media":12391,"comment_status":"open","ping_status":"open","sticky":false,"template":"","format":"standard","meta":{"footnotes":""},"categories":[25],"tags":[],"_links":{"self":[{"href":"https:\/\/times.cd\/index.php\/wp-json\/wp\/v2\/posts\/12386"}],"collection":[{"href":"https:\/\/times.cd\/index.php\/wp-json\/wp\/v2\/posts"}],"about":[{"href":"https:\/\/times.cd\/index.php\/wp-json\/wp\/v2\/types\/post"}],"author":[{"embeddable":true,"href":"https:\/\/times.cd\/index.php\/wp-json\/wp\/v2\/users\/1"}],"replies":[{"embeddable":true,"href":"https:\/\/times.cd\/index.php\/wp-json\/wp\/v2\/comments?post=12386"}],"version-history":[{"count":1,"href":"https:\/\/times.cd\/index.php\/wp-json\/wp\/v2\/posts\/12386\/revisions"}],"predecessor-version":[{"id":12390,"href":"https:\/\/times.cd\/index.php\/wp-json\/wp\/v2\/posts\/12386\/revisions\/12390"}],"wp:featuredmedia":[{"embeddable":true,"href":"https:\/\/times.cd\/index.php\/wp-json\/wp\/v2\/media\/12391"}],"wp:attachment":[{"href":"https:\/\/times.cd\/index.php\/wp-json\/wp\/v2\/media?parent=12386"}],"wp:term":[{"taxonomy":"category","embeddable":true,"href":"https:\/\/times.cd\/index.php\/wp-json\/wp\/v2\/categories?post=12386"},{"taxonomy":"post_tag","embeddable":true,"href":"https:\/\/times.cd\/index.php\/wp-json\/wp\/v2\/tags?post=12386"}],"curies":[{"name":"wp","href":"https:\/\/api.w.org\/{rel}","templated":true}]}}