{"id":12382,"date":"2026-09-01T11:14:11","date_gmt":"2026-09-01T11:14:11","guid":{"rendered":"https:\/\/times.cd\/?p=12382"},"modified":"2026-09-01T11:14:12","modified_gmt":"2026-09-01T11:14:12","slug":"bientot-kinshasa-aura-un-nouveau-plan-de-circulation-routiere","status":"publish","type":"post","link":"https:\/\/times.cd\/index.php\/2026\/09\/01\/bientot-kinshasa-aura-un-nouveau-plan-de-circulation-routiere\/","title":{"rendered":"Bient\u00f4t, Kinshasa aura un nouveau plan de circulation routi\u00e8re"},"content":{"rendered":"\n<p>Le Gouverneur de la ville de Kinshasa, SEM Daniel Bumba, a pr\u00e9sid\u00e9 ce lundi 31 ao\u00fbt 2026, une importante r\u00e9union consacr\u00e9e aux nouvelles r\u00e9glementations relatives \u00e0 la circulation routi\u00e8re dans la capitale (nouveau Plan g\u00e9n\u00e9ral de circulation de la ville de Kinshasa).<\/p>\n\n\n\n<p>Le ministre provincial des Transports et de la Mobilit\u00e9, le ministre provincial de la S\u00e9curit\u00e9 publique ont pris part \u00e0 cette r\u00e9union, tandis que celui des Infrastructures a \u00e9t\u00e9 repr\u00e9sent\u00e9 par l&rsquo;un de ses conseillers.<\/p>\n\n\n\n<p>Plusieurs hauts responsables de la Division urbaine des transports et de la Commission nationale de pr\u00e9vention routi\u00e8re \u00e9taient \u00e9galement pr\u00e9sents.<\/p>\n\n\n\n<figure class=\"wp-block-gallery has-nested-images columns-default is-cropped wp-block-gallery-1 is-layout-flex wp-block-gallery-is-layout-flex\">\n<figure class=\"wp-block-image size-large\"><img loading=\"lazy\" decoding=\"async\" width=\"1024\" height=\"674\" data-id=\"12384\" src=\"https:\/\/times.cd\/wp-content\/uploads\/2026\/09\/IMG-20260901-WA0032-1024x674.jpg\" alt=\"\" class=\"wp-image-12384\" srcset=\"https:\/\/times.cd\/wp-content\/uploads\/2026\/09\/IMG-20260901-WA0032-1024x674.jpg 1024w, https:\/\/times.cd\/wp-content\/uploads\/2026\/09\/IMG-20260901-WA0032-300x198.jpg 300w, https:\/\/times.cd\/wp-content\/uploads\/2026\/09\/IMG-20260901-WA0032-768x506.jpg 768w, https:\/\/times.cd\/wp-content\/uploads\/2026\/09\/IMG-20260901-WA0032-170x113.jpg 170w, https:\/\/times.cd\/wp-content\/uploads\/2026\/09\/IMG-20260901-WA0032.jpg 1280w\" sizes=\"(max-width: 1024px) 100vw, 1024px\" \/><\/figure>\n<\/figure>\n\n\n\n<p>On a aussi not\u00e9 la pr\u00e9sence du commandant de la 14e R\u00e9gion militaire des FARDC, du commissaire provincial de la PNC ville de Kinshasa, de la commandante de la Brigade Sp\u00e9ciale pour la Protection de l\u2019Environnement (BSPE) ainsi que celle des pr\u00e9sidents des associations des chauffeurs.<\/p>\n\n\n\n<p>Le nouveau plan de circulation, actuellement en cours d&rsquo;\u00e9laboration, va contribuer \u00e0 am\u00e9liorer la fluidit\u00e9 du trafic et \u00e0 mettre un terme aux embouteillages qui paralysent r\u00e9guli\u00e8rement la ville de Kinshasa. Il pr\u00e9voit \u00e9galement un d\u00e9ploiement assez suffisant de panneaux de signalisation routi\u00e8re.<\/p>\n\n\n\n<p>Plus de d\u00e9tails dans nos prochaines \u00e9ditions.<\/p>\n\n\n\n<p>\u00c0 suivre\u2026<\/p>\n","protected":false},"excerpt":{"rendered":"<p>Le Gouverneur de la ville de Kinshasa, SEM Daniel Bumba, a pr\u00e9sid\u00e9 ce lundi 31 ao\u00fbt 2026, une importante r\u00e9union consacr\u00e9e aux nouvelles r\u00e9glementations relatives \u00e0 la circulation routi\u00e8re dans la capitale (nouveau Plan g\u00e9n\u00e9ral de circulation de la ville de Kinshasa). Le ministre provincial des Transports et de la Mobilit\u00e9, le ministre provincial de [&hellip;]<\/p>\n","protected":false},"author":1,"featured_media":12383,"comment_status":"open","ping_status":"open","sticky":false,"template":"","format":"standard","meta":{"footnotes":""},"categories":[25],"tags":[],"_links":{"self":[{"href":"https:\/\/times.cd\/index.php\/wp-json\/wp\/v2\/posts\/12382"}],"collection":[{"href":"https:\/\/times.cd\/index.php\/wp-json\/wp\/v2\/posts"}],"about":[{"href":"https:\/\/times.cd\/index.php\/wp-json\/wp\/v2\/types\/post"}],"author":[{"embeddable":true,"href":"https:\/\/times.cd\/index.php\/wp-json\/wp\/v2\/users\/1"}],"replies":[{"embeddable":true,"href":"https:\/\/times.cd\/index.php\/wp-json\/wp\/v2\/comments?post=12382"}],"version-history":[{"count":1,"href":"https:\/\/times.cd\/index.php\/wp-json\/wp\/v2\/posts\/12382\/revisions"}],"predecessor-version":[{"id":12385,"href":"https:\/\/times.cd\/index.php\/wp-json\/wp\/v2\/posts\/12382\/revisions\/12385"}],"wp:featuredmedia":[{"embeddable":true,"href":"https:\/\/times.cd\/index.php\/wp-json\/wp\/v2\/media\/12383"}],"wp:attachment":[{"href":"https:\/\/times.cd\/index.php\/wp-json\/wp\/v2\/media?parent=12382"}],"wp:term":[{"taxonomy":"category","embeddable":true,"href":"https:\/\/times.cd\/index.php\/wp-json\/wp\/v2\/categories?post=12382"},{"taxonomy":"post_tag","embeddable":true,"href":"https:\/\/times.cd\/index.php\/wp-json\/wp\/v2\/tags?post=12382"}],"curies":[{"name":"wp","href":"https:\/\/api.w.org\/{rel}","templated":true}]}}