{"id":12370,"date":"2026-09-01T06:54:40","date_gmt":"2026-09-01T06:54:40","guid":{"rendered":"https:\/\/times.cd\/?p=12370"},"modified":"2026-09-01T06:54:41","modified_gmt":"2026-09-01T06:54:41","slug":"le-couple-jose-mpanda-kabangu-au-coeur-dune-celebration-de-foi-a-mbujimayi","status":"publish","type":"post","link":"https:\/\/times.cd\/index.php\/2026\/09\/01\/le-couple-jose-mpanda-kabangu-au-coeur-dune-celebration-de-foi-a-mbujimayi\/","title":{"rendered":"Le couple Jos\u00e9 Mpanda Kabangu au c\u0153ur d\u2019une c\u00e9l\u00e9bration de foi \u00e0 Mbujimayi"},"content":{"rendered":"\n<p>Une atmosph\u00e8re de foi et de recueillement r\u00e9gnait \u00e0 Mbujimayi \u00e0 l\u2019occasion de la messe de d\u00e9dicace de la paroisse de l\u2019Esp\u00e9rance. L\u2019\u00e9v\u00e9nement, qui a rassembl\u00e9 de nombreux fid\u00e8les ainsi que plusieurs personnalit\u00e9s publiques, a notamment \u00e9t\u00e9 marqu\u00e9 par la pr\u00e9sence du pr\u00e9sident de la R\u00e9publique, F\u00e9lix-Antoine Tshisekedi Tshilombo.<\/p>\n\n\n\n<p>Parmi les personnalit\u00e9s pr\u00e9sentes \u00e0 cette c\u00e9l\u00e9bration religieuse figurait le couple Jos\u00e9 Mpanda Kabangu, qui a pris part \u00e0 ce rendez-vous important pour la communaut\u00e9 chr\u00e9tienne locale.<\/p>\n\n\n\n<figure class=\"wp-block-gallery has-nested-images columns-default is-cropped wp-block-gallery-1 is-layout-flex wp-block-gallery-is-layout-flex\">\n<figure class=\"wp-block-image size-large\"><img loading=\"lazy\" decoding=\"async\" width=\"1024\" height=\"681\" data-id=\"12372\" src=\"https:\/\/times.cd\/wp-content\/uploads\/2026\/09\/FB_IMG_1788173691995-1024x681.jpg\" alt=\"\" class=\"wp-image-12372\" srcset=\"https:\/\/times.cd\/wp-content\/uploads\/2026\/09\/FB_IMG_1788173691995-1024x681.jpg 1024w, https:\/\/times.cd\/wp-content\/uploads\/2026\/09\/FB_IMG_1788173691995-300x199.jpg 300w, https:\/\/times.cd\/wp-content\/uploads\/2026\/09\/FB_IMG_1788173691995-768x511.jpg 768w, https:\/\/times.cd\/wp-content\/uploads\/2026\/09\/FB_IMG_1788173691995-345x230.jpg 345w, https:\/\/times.cd\/wp-content\/uploads\/2026\/09\/FB_IMG_1788173691995-770x513.jpg 770w, https:\/\/times.cd\/wp-content\/uploads\/2026\/09\/FB_IMG_1788173691995-370x247.jpg 370w, https:\/\/times.cd\/wp-content\/uploads\/2026\/09\/FB_IMG_1788173691995-440x294.jpg 440w, https:\/\/times.cd\/wp-content\/uploads\/2026\/09\/FB_IMG_1788173691995-570x380.jpg 570w, https:\/\/times.cd\/wp-content\/uploads\/2026\/09\/FB_IMG_1788173691995-170x113.jpg 170w, https:\/\/times.cd\/wp-content\/uploads\/2026\/09\/FB_IMG_1788173691995.jpg 1080w\" sizes=\"(max-width: 1024px) 100vw, 1024px\" \/><\/figure>\n<\/figure>\n\n\n\n<p>Quelques instants apr\u00e8s avoir contribu\u00e9 \u00e0 l\u2019accueil du chef de l\u2019\u00c9tat dans la capitale du Kasa\u00ef-Oriental, avec une mobilisation port\u00e9e notamment par le Congo Espoir, Jos\u00e9 Mpanda Kabangu et son \u00e9pouse ont choisi de prolonger cette journ\u00e9e dans un cadre spirituel, aux c\u00f4t\u00e9s des fid\u00e8les venus participer \u00e0 cette c\u00e9l\u00e9bration.<\/p>\n\n\n\n<p>Dans une ambiance empreinte de solennit\u00e9, la messe de d\u00e9dicace a constitu\u00e9 un moment privil\u00e9gi\u00e9 de communion entre les responsables religieux, les chr\u00e9tiens et les diff\u00e9rentes personnalit\u00e9s pr\u00e9sentes. Chants liturgiques, pri\u00e8res et moments de recueillement ont rythm\u00e9 cette c\u00e9r\u00e9monie consacr\u00e9e \u00e0 la paroisse de l\u2019Esp\u00e9rance.<br>La pr\u00e9sence du pr\u00e9sident F\u00e9lix-Antoine Tshisekedi Tshilombo a donn\u00e9 un relief particulier \u00e0 l\u2019\u00e9v\u00e9nement.<\/p>\n\n\n\n<figure class=\"wp-block-gallery has-nested-images columns-default is-cropped wp-block-gallery-2 is-layout-flex wp-block-gallery-is-layout-flex\">\n<figure class=\"wp-block-image size-large\"><img loading=\"lazy\" decoding=\"async\" width=\"1024\" height=\"715\" data-id=\"12374\" src=\"https:\/\/times.cd\/wp-content\/uploads\/2026\/09\/FB_IMG_1788173674867-1024x715.jpg\" alt=\"\" class=\"wp-image-12374\" srcset=\"https:\/\/times.cd\/wp-content\/uploads\/2026\/09\/FB_IMG_1788173674867-1024x715.jpg 1024w, https:\/\/times.cd\/wp-content\/uploads\/2026\/09\/FB_IMG_1788173674867-300x209.jpg 300w, https:\/\/times.cd\/wp-content\/uploads\/2026\/09\/FB_IMG_1788173674867-768x536.jpg 768w, https:\/\/times.cd\/wp-content\/uploads\/2026\/09\/FB_IMG_1788173674867.jpg 1080w\" sizes=\"(max-width: 1024px) 100vw, 1024px\" \/><\/figure>\n<\/figure>\n\n\n\n<p>Sa participation intervient par ailleurs \u00e0 la veille de son anniversaire, ajoutant une dimension symbolique \u00e0 cette c\u00e9l\u00e9bration religieuse organis\u00e9e \u00e0 Mbujimayi.<br>Pour le couple Jos\u00e9 Mpanda Kabangu, cette participation s\u2019inscrit dans une d\u00e9marche associant foi, solidarit\u00e9 et engagement au sein de la communaut\u00e9. Leur pr\u00e9sence \u00e0 cette c\u00e9r\u00e9monie traduit \u00e9galement leur attachement aux valeurs chr\u00e9tiennes et \u00e0 la vie de l\u2019\u00c9glise.<\/p>\n\n\n\n<figure class=\"wp-block-gallery has-nested-images columns-default is-cropped wp-block-gallery-3 is-layout-flex wp-block-gallery-is-layout-flex\">\n<figure class=\"wp-block-image size-large\"><img loading=\"lazy\" decoding=\"async\" width=\"720\" height=\"384\" data-id=\"12373\" src=\"https:\/\/times.cd\/wp-content\/uploads\/2026\/09\/IMG-20260830-WA0048.jpg\" alt=\"\" class=\"wp-image-12373\" srcset=\"https:\/\/times.cd\/wp-content\/uploads\/2026\/09\/IMG-20260830-WA0048.jpg 720w, https:\/\/times.cd\/wp-content\/uploads\/2026\/09\/IMG-20260830-WA0048-300x160.jpg 300w\" sizes=\"(max-width: 720px) 100vw, 720px\" \/><\/figure>\n<\/figure>\n\n\n\n<p>Au-del\u00e0 de son caract\u00e8re religieux, la messe de d\u00e9dicace de la paroisse de l\u2019Esp\u00e9rance aura ainsi \u00e9t\u00e9 un moment de rassemblement. Dans une ville o\u00f9 les rendez-vous religieux occupent une place importante dans la vie sociale, fid\u00e8les, responsables eccl\u00e9siastiques et acteurs publics se sont retrouv\u00e9s autour d\u2019un m\u00eame message : celui de la foi, de l\u2019unit\u00e9 et de l\u2019esp\u00e9rance.<\/p>\n\n\n\n<p>\u00c0 Mbujimayi, la journ\u00e9e aura donc \u00e9t\u00e9 marqu\u00e9e \u00e0 la fois par l\u2019effervescence li\u00e9e \u00e0 la pr\u00e9sence du chef de l\u2019\u00c9tat et par la sobri\u00e9t\u00e9 d\u2019une c\u00e9l\u00e9bration religieuse qui a r\u00e9uni la communaut\u00e9 chr\u00e9tienne dans un esprit de communion.<\/p>\n\n\n\n<p>Francis Luende<\/p>\n","protected":false},"excerpt":{"rendered":"<p>Une atmosph\u00e8re de foi et de recueillement r\u00e9gnait \u00e0 Mbujimayi \u00e0 l\u2019occasion de la messe de d\u00e9dicace de la paroisse de l\u2019Esp\u00e9rance. L\u2019\u00e9v\u00e9nement, qui a rassembl\u00e9 de nombreux fid\u00e8les ainsi que plusieurs personnalit\u00e9s publiques, a notamment \u00e9t\u00e9 marqu\u00e9 par la pr\u00e9sence du pr\u00e9sident de la R\u00e9publique, F\u00e9lix-Antoine Tshisekedi Tshilombo. Parmi les personnalit\u00e9s pr\u00e9sentes \u00e0 cette [&hellip;]<\/p>\n","protected":false},"author":1,"featured_media":12371,"comment_status":"open","ping_status":"open","sticky":false,"template":"","format":"standard","meta":{"footnotes":""},"categories":[28],"tags":[],"_links":{"self":[{"href":"https:\/\/times.cd\/index.php\/wp-json\/wp\/v2\/posts\/12370"}],"collection":[{"href":"https:\/\/times.cd\/index.php\/wp-json\/wp\/v2\/posts"}],"about":[{"href":"https:\/\/times.cd\/index.php\/wp-json\/wp\/v2\/types\/post"}],"author":[{"embeddable":true,"href":"https:\/\/times.cd\/index.php\/wp-json\/wp\/v2\/users\/1"}],"replies":[{"embeddable":true,"href":"https:\/\/times.cd\/index.php\/wp-json\/wp\/v2\/comments?post=12370"}],"version-history":[{"count":1,"href":"https:\/\/times.cd\/index.php\/wp-json\/wp\/v2\/posts\/12370\/revisions"}],"predecessor-version":[{"id":12375,"href":"https:\/\/times.cd\/index.php\/wp-json\/wp\/v2\/posts\/12370\/revisions\/12375"}],"wp:featuredmedia":[{"embeddable":true,"href":"https:\/\/times.cd\/index.php\/wp-json\/wp\/v2\/media\/12371"}],"wp:attachment":[{"href":"https:\/\/times.cd\/index.php\/wp-json\/wp\/v2\/media?parent=12370"}],"wp:term":[{"taxonomy":"category","embeddable":true,"href":"https:\/\/times.cd\/index.php\/wp-json\/wp\/v2\/categories?post=12370"},{"taxonomy":"post_tag","embeddable":true,"href":"https:\/\/times.cd\/index.php\/wp-json\/wp\/v2\/tags?post=12370"}],"curies":[{"name":"wp","href":"https:\/\/api.w.org\/{rel}","templated":true}]}}