{"id":12351,"date":"2026-08-31T19:21:55","date_gmt":"2026-08-31T19:21:55","guid":{"rendered":"https:\/\/times.cd\/?p=12351"},"modified":"2026-08-31T19:22:59","modified_gmt":"2026-08-31T19:22:59","slug":"mbujimayi-une-ceremonie-de-foi-un-bilan-et-une-demande-de-lumiere","status":"publish","type":"post","link":"https:\/\/times.cd\/index.php\/2026\/08\/31\/mbujimayi-une-ceremonie-de-foi-un-bilan-et-une-demande-de-lumiere\/","title":{"rendered":"Mbujimayi : une c\u00e9r\u00e9monie de foi, un bilan et une demande de lumi\u00e8re"},"content":{"rendered":"\n<p>\u00c0 Mbujimayi, la foi a occup\u00e9 le devant de la sc\u00e8ne ce dimanche 30 ao\u00fbt 2026, mais les pr\u00e9occupations du quotidien ont rapidement trouv\u00e9 leur place dans les \u00e9changes. En prenant part \u00e0 la c\u00e9r\u00e9monie de d\u00e9dicace de la Paroisse universitaire Notre-Dame de l\u2019Esp\u00e9rance, le pr\u00e9sident de la R\u00e9publique, F\u00e9lix-Antoine Tshisekedi, a partag\u00e9 avec les fid\u00e8les un moment de c\u00e9l\u00e9bration eucharistique plac\u00e9 sous le signe de la foi, de la communion et du recueillement.<\/p>\n\n\n\n<p>La Paroisse universitaire Notre-Dame de l\u2019Esp\u00e9rance (PUNDE) et le Sanctuaire Notre-Dame du Balai, initi\u00e9s par l\u2019abb\u00e9 Blaise Kanda, forment un imposant complexe pastoral de 1 300 places. Une capacit\u00e9 qui laisse penser que, pour accueillir les grandes esp\u00e9rances du Grand Kasa\u00ef, il fallait au moins pr\u00e9voir suffisamment de si\u00e8ges.<\/p>\n\n\n\n<figure class=\"wp-block-gallery has-nested-images columns-default is-cropped wp-block-gallery-1 is-layout-flex wp-block-gallery-is-layout-flex\">\n<figure class=\"wp-block-image size-large\"><img loading=\"lazy\" decoding=\"async\" width=\"1024\" height=\"715\" data-id=\"12353\" src=\"https:\/\/times.cd\/wp-content\/uploads\/2026\/08\/FB_IMG_1788173674867-1024x715.jpg\" alt=\"\" class=\"wp-image-12353\" srcset=\"https:\/\/times.cd\/wp-content\/uploads\/2026\/08\/FB_IMG_1788173674867-1024x715.jpg 1024w, https:\/\/times.cd\/wp-content\/uploads\/2026\/08\/FB_IMG_1788173674867-300x209.jpg 300w, https:\/\/times.cd\/wp-content\/uploads\/2026\/08\/FB_IMG_1788173674867-768x536.jpg 768w, https:\/\/times.cd\/wp-content\/uploads\/2026\/08\/FB_IMG_1788173674867.jpg 1080w\" sizes=\"(max-width: 1024px) 100vw, 1024px\" \/><\/figure>\n<\/figure>\n\n\n\n<p>Mais au-del\u00e0 des chants, des pri\u00e8res et des rites liturgiques, la c\u00e9r\u00e9monie a surtout donn\u00e9 lieu \u00e0 un autre exercice : celui du bilan et des dol\u00e9ances. L\u2019\u00e9v\u00eaque du dioc\u00e8se de Mbuji-Mayi, Mgr Bernard-Emmanuel Kasanda Mulenga, a saisi l\u2019occasion pour saluer les efforts du chef de l\u2019\u00c9tat depuis son accession \u00e0 la magistrature supr\u00eame, tout en dressant, avec une certaine franchise, la liste des attentes de la r\u00e9gion.<\/p>\n\n\n\n<p>Le pr\u00e9lat a d\u2019abord reconnu les initiatives engag\u00e9es \u00e0 travers le pays. Corridor de Lobito, rocade de Kinshasa, axe Kisangani-Beni-Bunia, projets transfrontaliers avec l\u2019Ouganda, routes Kananga-Kalambambuji, Kasumbalesa-Manono, RN1-Ouest, RN2 et RN42 : le catalogue est long. \u00c0 entendre l\u2019\u00e9v\u00eaque, les chantiers sont nombreux et devraient contribuer \u00e0 d\u00e9senclaver les provinces et \u00e0 renforcer leur int\u00e9gration \u00e9conomique.<br>\u00ab C\u2019est ici pour moi l\u2019occasion de saluer, avec une sinc\u00e8re reconnaissance, les efforts que vous fournissez jour et nuit en faveur du d\u00e9veloppement de notre pays et de nos provinces \u00bb, a d\u00e9clar\u00e9 Mgr Kasanda Mulenga.<\/p>\n\n\n\n<p>Le Programme de d\u00e9veloppement local des 145 territoires n\u2019a pas non plus \u00e9t\u00e9 oubli\u00e9. L\u2019\u00e9v\u00eaque a salu\u00e9 les projets \u00e0 impact visible, porteurs, selon lui, d\u2019espoir pour les populations en mati\u00e8re d\u2019infrastructures et de services essentiels.<br>Mais \u00e0 Mbuji-Mayi, une question semble avoir le don de ramener tout le monde sur terre : l\u2019\u00e9lectricit\u00e9. Car les routes peuvent \u00eatre construites, les projets annonc\u00e9s et les infrastructures inaugur\u00e9es, encore faut-il pouvoir faire fonctionner les machines.<\/p>\n\n\n\n<figure class=\"wp-block-gallery has-nested-images columns-default is-cropped wp-block-gallery-2 is-layout-flex wp-block-gallery-is-layout-flex\">\n<figure class=\"wp-block-image size-large\"><img loading=\"lazy\" decoding=\"async\" width=\"1024\" height=\"681\" data-id=\"12354\" src=\"https:\/\/times.cd\/wp-content\/uploads\/2026\/08\/FB_IMG_1788173691995-1024x681.jpg\" alt=\"\" class=\"wp-image-12354\" srcset=\"https:\/\/times.cd\/wp-content\/uploads\/2026\/08\/FB_IMG_1788173691995-1024x681.jpg 1024w, https:\/\/times.cd\/wp-content\/uploads\/2026\/08\/FB_IMG_1788173691995-300x199.jpg 300w, https:\/\/times.cd\/wp-content\/uploads\/2026\/08\/FB_IMG_1788173691995-768x511.jpg 768w, https:\/\/times.cd\/wp-content\/uploads\/2026\/08\/FB_IMG_1788173691995-345x230.jpg 345w, https:\/\/times.cd\/wp-content\/uploads\/2026\/08\/FB_IMG_1788173691995-770x513.jpg 770w, https:\/\/times.cd\/wp-content\/uploads\/2026\/08\/FB_IMG_1788173691995-370x247.jpg 370w, https:\/\/times.cd\/wp-content\/uploads\/2026\/08\/FB_IMG_1788173691995-440x294.jpg 440w, https:\/\/times.cd\/wp-content\/uploads\/2026\/08\/FB_IMG_1788173691995-570x380.jpg 570w, https:\/\/times.cd\/wp-content\/uploads\/2026\/08\/FB_IMG_1788173691995-170x113.jpg 170w, https:\/\/times.cd\/wp-content\/uploads\/2026\/08\/FB_IMG_1788173691995.jpg 1080w\" sizes=\"(max-width: 1024px) 100vw, 1024px\" \/><\/figure>\n<\/figure>\n\n\n\n<p>Sur ce terrain, le constat de l\u2019\u00e9v\u00eaque est sans d\u00e9tour. Le d\u00e9veloppement industriel et agricole du Grand Kasa\u00ef reste largement d\u00e9pendant d\u2019une fourniture \u00e9lectrique suffisante, stable et accessible.<br>\u00ab Le Grand Kasa\u00ef demeure encore dans l\u2019attente d\u2019une \u00e9tincelle qui mettra le feu \u00e0 son potentiel \u00bb, a-t-il lanc\u00e9, \u00e9voquant l\u2019\u00e9nergie \u00e9lectrique comme condition indispensable \u00e0 la r\u00e9alisation des grands projets structurants.<\/p>\n\n\n\n<p>Une \u00e9tincelle, voil\u00e0 peut-\u00eatre le mot qui r\u00e9sume le mieux le paradoxe \u00e9nerg\u00e9tique de la r\u00e9gion. Le potentiel est l\u00e0, les ambitions aussi, mais le courant, lui, semble parfois pr\u00e9f\u00e9rer la discr\u00e9tion.<br>Mgr Kasanda Mulenga a notamment point\u00e9 du doigt la centrale hydro\u00e9lectrique de Tubi Tubidi, dont la production serait actuellement limit\u00e9e \u00e0 environ 3 m\u00e9gawatts pour Mbuji-Mayi. Une puissance jug\u00e9e insuffisante au regard des besoins de la ville et de ses ambitions de d\u00e9veloppement.<\/p>\n\n\n\n<p>L\u2019arr\u00eat de la SACIM suscite \u00e9galement des inqui\u00e9tudes. Pour l\u2019\u00e9v\u00eaque, cette situation pourrait compliquer davantage l\u2019approvisionnement \u00e9nerg\u00e9tique de la ville si les infrastructures existantes ne sont pas correctement entretenues.<br>Le pr\u00e9lat n\u2019a toutefois pas manqu\u00e9 de saluer les avanc\u00e9es enregistr\u00e9es dans la r\u00e9alisation du projet hydro\u00e9lectrique de Katende. Mais, visiblement, une seule centrale ne saurait suffire \u00e0 \u00e9clairer toutes les esp\u00e9rances du Grand Kasa\u00ef.<\/p>\n\n\n\n<figure class=\"wp-block-gallery has-nested-images columns-default is-cropped wp-block-gallery-3 is-layout-flex wp-block-gallery-is-layout-flex\">\n<figure class=\"wp-block-image size-large\"><img loading=\"lazy\" decoding=\"async\" width=\"1024\" height=\"576\" data-id=\"12355\" src=\"https:\/\/times.cd\/wp-content\/uploads\/2026\/08\/IMG-20260830-WA0050-1024x576.jpg\" alt=\"\" class=\"wp-image-12355\" srcset=\"https:\/\/times.cd\/wp-content\/uploads\/2026\/08\/IMG-20260830-WA0050-1024x576.jpg 1024w, https:\/\/times.cd\/wp-content\/uploads\/2026\/08\/IMG-20260830-WA0050-300x169.jpg 300w, https:\/\/times.cd\/wp-content\/uploads\/2026\/08\/IMG-20260830-WA0050-768x432.jpg 768w, https:\/\/times.cd\/wp-content\/uploads\/2026\/08\/IMG-20260830-WA0050.jpg 1280w\" sizes=\"(max-width: 1024px) 100vw, 1024px\" \/><\/figure>\n<\/figure>\n\n\n\n<p>D\u2019o\u00f9 son appel au pr\u00e9sident de la R\u00e9publique en faveur de la construction de la centrale de Tubi Tubidi. Une demande formul\u00e9e avec le respect d\u00fb \u00e0 la fonction pr\u00e9sidentielle, mais suffisamment claire pour ne laisser planer aucun doute sur l\u2019urgence ressentie localement.<br>\u00ab C\u2019est pourquoi, tout en saluant les avanc\u00e9es dans la r\u00e9alisation du grand projet de Katende, les fils et les filles du Grand Kasa\u00ef vous demandent respectueusement de consid\u00e9rer la construction de la centrale hydro\u00e9lectrique de Tubi Tubidi \u00bb, a d\u00e9clar\u00e9 Mgr Kasanda Mulenga.<\/p>\n\n\n\n<p>Ainsi, \u00e0 la PUNDE, la c\u00e9r\u00e9monie religieuse aura finalement permis de joindre le ciel et la terre : les pri\u00e8res pour les \u00e2mes, et les plaidoyers pour les routes, les barrages et les m\u00e9gawatts. Une mani\u00e8re, peut-\u00eatre, de rappeler que m\u00eame lorsqu\u2019on parle d\u2019esp\u00e9rance, il est difficile de faire l\u2019\u00e9conomie de l\u2019\u00e9lectricit\u00e9.<\/p>\n\n\n\n<p>\u00c0 Mbujimayi, le message semble donc tenir en une formule simple : le Grand Kasa\u00ef ne manque ni de foi, ni de projets, ni de potentiel. Il lui faudrait d\u00e9sormais surtout suffisamment de courant pour que tout cela puisse fonctionner.<\/p>\n\n\n\n<p><strong>Francis Luende<\/strong><\/p>\n","protected":false},"excerpt":{"rendered":"<p>\u00c0 Mbujimayi, la foi a occup\u00e9 le devant de la sc\u00e8ne ce dimanche 30 ao\u00fbt 2026, mais les pr\u00e9occupations du quotidien ont rapidement trouv\u00e9 leur place dans les \u00e9changes. En prenant part \u00e0 la c\u00e9r\u00e9monie de d\u00e9dicace de la Paroisse universitaire Notre-Dame de l\u2019Esp\u00e9rance, le pr\u00e9sident de la R\u00e9publique, F\u00e9lix-Antoine Tshisekedi, a partag\u00e9 avec les [&hellip;]<\/p>\n","protected":false},"author":1,"featured_media":12357,"comment_status":"open","ping_status":"open","sticky":false,"template":"","format":"standard","meta":{"footnotes":""},"categories":[25],"tags":[],"_links":{"self":[{"href":"https:\/\/times.cd\/index.php\/wp-json\/wp\/v2\/posts\/12351"}],"collection":[{"href":"https:\/\/times.cd\/index.php\/wp-json\/wp\/v2\/posts"}],"about":[{"href":"https:\/\/times.cd\/index.php\/wp-json\/wp\/v2\/types\/post"}],"author":[{"embeddable":true,"href":"https:\/\/times.cd\/index.php\/wp-json\/wp\/v2\/users\/1"}],"replies":[{"embeddable":true,"href":"https:\/\/times.cd\/index.php\/wp-json\/wp\/v2\/comments?post=12351"}],"version-history":[{"count":1,"href":"https:\/\/times.cd\/index.php\/wp-json\/wp\/v2\/posts\/12351\/revisions"}],"predecessor-version":[{"id":12356,"href":"https:\/\/times.cd\/index.php\/wp-json\/wp\/v2\/posts\/12351\/revisions\/12356"}],"wp:featuredmedia":[{"embeddable":true,"href":"https:\/\/times.cd\/index.php\/wp-json\/wp\/v2\/media\/12357"}],"wp:attachment":[{"href":"https:\/\/times.cd\/index.php\/wp-json\/wp\/v2\/media?parent=12351"}],"wp:term":[{"taxonomy":"category","embeddable":true,"href":"https:\/\/times.cd\/index.php\/wp-json\/wp\/v2\/categories?post=12351"},{"taxonomy":"post_tag","embeddable":true,"href":"https:\/\/times.cd\/index.php\/wp-json\/wp\/v2\/tags?post=12351"}],"curies":[{"name":"wp","href":"https:\/\/api.w.org\/{rel}","templated":true}]}}