{"id":12345,"date":"2026-08-31T06:28:51","date_gmt":"2026-08-31T06:28:51","guid":{"rendered":"https:\/\/times.cd\/?p=12345"},"modified":"2026-08-31T06:28:52","modified_gmt":"2026-08-31T06:28:52","slug":"bceco-25-ans-au-service-des-projets-structurants-en-rdc","status":"publish","type":"post","link":"https:\/\/times.cd\/index.php\/2026\/08\/31\/bceco-25-ans-au-service-des-projets-structurants-en-rdc\/","title":{"rendered":"Bceco : 25 ans au service des projets structurants en rdc"},"content":{"rendered":"\n<p>Le Bureau central de coordination (BCECO) a marqu\u00e9 d\u2019une pierre blanche son 25e anniversaire \u00e0 Kinshasa. Cr\u00e9\u00e9e le 8 ao\u00fbt 2001, cette institution publique plac\u00e9e sous la tutelle du minist\u00e8re des Finances a c\u00e9l\u00e9br\u00e9 son jubil\u00e9 d\u2019argent au Centre culturel de Kinshasa, avant une soir\u00e9e de gala \u00e0 l\u2019h\u00f4tel Hilton.<\/p>\n\n\n\n<p>Dans une ambiance \u00e0 la fois solennelle et festive, agents, partenaires techniques et financiers et invit\u00e9s de marque se sont retrouv\u00e9s pour revisiter un quart de si\u00e8cle consacr\u00e9 \u00e0 la coordination, au suivi et \u00e0 l\u2019ex\u00e9cution des projets de d\u00e9veloppement en R\u00e9publique d\u00e9mocratique du Congo. V\u00eatus de blanc et coiff\u00e9s de casquettes estampill\u00e9es \u00ab 25 ans \u00bb, les agents du BCECO ont donn\u00e9 \u00e0 cette c\u00e9l\u00e9bration une couleur particuli\u00e8re, entre t\u00e9moignages, pr\u00e9sentations et souvenirs d\u2019une institution devenue au fil des ann\u00e9es un maillon important de la cha\u00eene de r\u00e9alisation des infrastructures publiques.<br>Au c\u0153ur de cette c\u00e9l\u00e9bration, le Directeur g\u00e9n\u00e9ral du BCECO, le Professeur, Ing\u00e9nieur et Docteur Sylvain Alongo Longomba, a dress\u00e9 le bilan des actions men\u00e9es et \u00e9voqu\u00e9 les chantiers qui mobilisent actuellement l\u2019institution. Du March\u00e9 central de Kinshasa aux avenues Bokassa et Kabambare, en passant par le Programme de d\u00e9veloppement local des 145 territoires et plusieurs autres infrastructures \u00e0 travers le pays, le patron du BCECO a insist\u00e9 sur la n\u00e9cessit\u00e9 de conjuguer respect des d\u00e9lais, transparence et qualit\u00e9 des ouvrages.<\/p>\n\n\n\n<figure class=\"wp-block-gallery has-nested-images columns-default is-cropped wp-block-gallery-1 is-layout-flex wp-block-gallery-is-layout-flex\">\n<figure class=\"wp-block-image size-large\"><img loading=\"lazy\" decoding=\"async\" width=\"1024\" height=\"768\" data-id=\"12347\" src=\"https:\/\/times.cd\/wp-content\/uploads\/2026\/08\/IMG-20260830-WA00391-1024x768.jpg\" alt=\"\" class=\"wp-image-12347\" srcset=\"https:\/\/times.cd\/wp-content\/uploads\/2026\/08\/IMG-20260830-WA00391-1024x768.jpg 1024w, https:\/\/times.cd\/wp-content\/uploads\/2026\/08\/IMG-20260830-WA00391-300x225.jpg 300w, https:\/\/times.cd\/wp-content\/uploads\/2026\/08\/IMG-20260830-WA00391-768x576.jpg 768w, https:\/\/times.cd\/wp-content\/uploads\/2026\/08\/IMG-20260830-WA00391-501x375.jpg 501w, https:\/\/times.cd\/wp-content\/uploads\/2026\/08\/IMG-20260830-WA00391.jpg 1080w\" sizes=\"(max-width: 1024px) 100vw, 1024px\" \/><\/figure>\n<\/figure>\n\n\n\n<p>\u00ab Depuis 2001, nous avons fait du respect des d\u00e9lais, de la transparence dans la gestion et de la qualit\u00e9 des ouvrages notre credo \u00bb, a-t-il d\u00e9clar\u00e9, avant d\u2019annoncer la mise en \u0153uvre d\u2019un plan de rattrapage destin\u00e9 \u00e0 acc\u00e9l\u00e9rer le parach\u00e8vement et la r\u00e9ception progressive des ouvrages. Un dispositif qui devrait accompagner la prolongation de certains programmes jusqu\u2019en 2026-2027 et permettre d\u2019aboutir aux diff\u00e9rentes \u00e9tapes de r\u00e9ception technique, provisoire et d\u00e9finitive. Sous son leadership, le BCECO met \u00e9galement en avant des centaines d\u2019infrastructures r\u00e9alis\u00e9es ou r\u00e9habilit\u00e9es dans les 26 provinces, notamment des \u00e9coles, centres de sant\u00e9, routes de desserte agricole, r\u00e9seaux d\u2019eau potable, ouvrages d\u2019\u00e9lectrification rurale et b\u00e2timents administratifs.<br>Plus qu\u2019une simple c\u00e9l\u00e9bration anniversaire, ce jubil\u00e9 d\u2019argent a ainsi pris les allures d\u2019un exercice de bilan et de projection. Un panel scientifique autour du th\u00e8me \u00ab Une m\u00eame cha\u00eene de valeur, trois p\u00e9riodes d\u2019analyse \u00bb a permis de revisiter le parcours de l\u2019institution depuis 2001, d\u2019\u00e9valuer son portefeuille 2022-2026 et de r\u00e9fl\u00e9chir aux perspectives.<\/p>\n\n\n\n<p>Une exposition des r\u00e9alisations a \u00e9galement permis aux chefs de projets de pr\u00e9senter les r\u00e9sultats et les impacts des interventions du BCECO sur le terrain. En parcourant les diff\u00e9rents stands aux c\u00f4t\u00e9s de ses directeurs et partenaires, le Professeur Sylvain Alongo Longomba a voulu inscrire cette c\u00e9l\u00e9bration dans une dynamique tourn\u00e9e vers l\u2019avenir. \u00ab Derri\u00e8re chaque projet, il y a une ambition claire : transformer durablement les conditions de vie de nos populations \u00bb, a-t-il soulign\u00e9. Pour le BCECO, les 25 prochaines ann\u00e9es devront d\u00e9sormais s\u2019appuyer sur la modernisation des outils de gestion, l\u2019am\u00e9lioration continue des performances et une exigence renforc\u00e9e en mati\u00e8re de qualit\u00e9 et de durabilit\u00e9 des projets au b\u00e9n\u00e9fice des populations congolaises.<\/p>\n\n\n\n<p>Michel Onengombe<\/p>\n","protected":false},"excerpt":{"rendered":"<p>Le Bureau central de coordination (BCECO) a marqu\u00e9 d\u2019une pierre blanche son 25e anniversaire \u00e0 Kinshasa. Cr\u00e9\u00e9e le 8 ao\u00fbt 2001, cette institution publique plac\u00e9e sous la tutelle du minist\u00e8re des Finances a c\u00e9l\u00e9br\u00e9 son jubil\u00e9 d\u2019argent au Centre culturel de Kinshasa, avant une soir\u00e9e de gala \u00e0 l\u2019h\u00f4tel Hilton. Dans une ambiance \u00e0 la [&hellip;]<\/p>\n","protected":false},"author":1,"featured_media":12346,"comment_status":"open","ping_status":"open","sticky":false,"template":"","format":"standard","meta":{"footnotes":""},"categories":[25],"tags":[],"_links":{"self":[{"href":"https:\/\/times.cd\/index.php\/wp-json\/wp\/v2\/posts\/12345"}],"collection":[{"href":"https:\/\/times.cd\/index.php\/wp-json\/wp\/v2\/posts"}],"about":[{"href":"https:\/\/times.cd\/index.php\/wp-json\/wp\/v2\/types\/post"}],"author":[{"embeddable":true,"href":"https:\/\/times.cd\/index.php\/wp-json\/wp\/v2\/users\/1"}],"replies":[{"embeddable":true,"href":"https:\/\/times.cd\/index.php\/wp-json\/wp\/v2\/comments?post=12345"}],"version-history":[{"count":1,"href":"https:\/\/times.cd\/index.php\/wp-json\/wp\/v2\/posts\/12345\/revisions"}],"predecessor-version":[{"id":12348,"href":"https:\/\/times.cd\/index.php\/wp-json\/wp\/v2\/posts\/12345\/revisions\/12348"}],"wp:featuredmedia":[{"embeddable":true,"href":"https:\/\/times.cd\/index.php\/wp-json\/wp\/v2\/media\/12346"}],"wp:attachment":[{"href":"https:\/\/times.cd\/index.php\/wp-json\/wp\/v2\/media?parent=12345"}],"wp:term":[{"taxonomy":"category","embeddable":true,"href":"https:\/\/times.cd\/index.php\/wp-json\/wp\/v2\/categories?post=12345"},{"taxonomy":"post_tag","embeddable":true,"href":"https:\/\/times.cd\/index.php\/wp-json\/wp\/v2\/tags?post=12345"}],"curies":[{"name":"wp","href":"https:\/\/api.w.org\/{rel}","templated":true}]}}