{"id":11552,"date":"2026-05-02T09:27:02","date_gmt":"2026-05-02T09:27:02","guid":{"rendered":"https:\/\/times.cd\/?p=11552"},"modified":"2026-05-02T09:27:03","modified_gmt":"2026-05-02T09:27:03","slug":"kin-les-travaux-du-projet-topetola-avancent-significativement-a-limete","status":"publish","type":"post","link":"https:\/\/times.cd\/index.php\/2026\/05\/02\/kin-les-travaux-du-projet-topetola-avancent-significativement-a-limete\/","title":{"rendered":"Kin: les travaux du projet Topetola avancent significativement \u00e0 Limete"},"content":{"rendered":"\n<p>Les travaux r\u00e9alis\u00e9s dans le cadre du projet \u00ab Topetola \u00bb connaissent une \u00e9volution jug\u00e9e tr\u00e8s positive dans la commune de Limete, \u00e0 Kinshasa. Une mission conjointe r\u00e9unissant une d\u00e9l\u00e9gation fran\u00e7aise et des repr\u00e9sentants de la Ville de Kinshasa a effectu\u00e9, le samedi 25 avril, une descente sur le terrain afin d\u2019\u00e9valuer l\u2019\u00e9tat d\u2019avancement de ce projet d\u00e9di\u00e9 \u00e0 la lutte contre les inondations et \u00e0 l\u2019assainissement urbain.<\/p>\n\n\n\n<p>La mission s\u2019est principalement rendue dans le quartier Salongo, o\u00f9 les observations ont \u00e9t\u00e9 globalement satisfaisantes. Sur place, une route en b\u00e9ton de plus d\u2019un kilom\u00e8tre est en cours d\u2019ach\u00e8vement, accompagn\u00e9e de la construction de caniveaux modernes destin\u00e9s \u00e0 am\u00e9liorer l\u2019\u00e9vacuation des eaux. Ces avanc\u00e9es laissent entrevoir une finalisation des travaux d\u2019ici la fin de l\u2019ann\u00e9e.<\/p>\n\n\n\n<p>Plac\u00e9s sous la coordination du gouverneur Daniel Bumba, ces travaux b\u00e9n\u00e9ficient du financement de Agence Fran\u00e7aise de D\u00e9veloppement et de Union europ\u00e9enne, en soutien \u00e0 la vision du Pr\u00e9sident de la R\u00e9publique, F\u00e9lix Tshisekedi.<br>Le projet Topetola vise \u00e0 apporter une r\u00e9ponse structurelle aux inondations r\u00e9currentes dans la capitale congolaise.<\/p>\n\n\n\n<p>Il comprend notamment la modernisation des voiries, le renforcement des syst\u00e8mes de drainage, la r\u00e9habilitation des infrastructures d\u2019\u00e9vacuation des eaux et l\u2019am\u00e9lioration de la gestion des d\u00e9chets.<br>Une innovation majeure du projet r\u00e9side dans le recyclage des bouteilles plastiques transform\u00e9es en pav\u00e9s pour l\u2019am\u00e9nagement des routes. Cette approche \u00e9cologique est soutenue par plusieurs ONG locales, qui participent \u00e9galement \u00e0 la sensibilisation des populations et des \u00e9l\u00e8ves sur les enjeux environnementaux.<\/p>\n\n\n\n<p>Par ailleurs, le projet favorise l\u2019implication de la jeunesse kinoise, mobilis\u00e9e comme main-d\u2019\u0153uvre dans les diff\u00e9rents chantiers.<br>Au-del\u00e0 des infrastructures, Topetola ambitionne de r\u00e9duire durablement les risques d\u2019inondation, d\u2019assainir les quartiers vuln\u00e9rables et de renforcer la r\u00e9silience urbaine de Kinshasa face aux al\u00e9as climatiques.<br>La d\u00e9l\u00e9gation fran\u00e7aise \u00e9tait conduite par l\u2019ambassadeur de France en R\u00e9publique d\u00e9mocratique du Congo.<\/p>\n\n\n\n<p>Francis Luende<\/p>\n","protected":false},"excerpt":{"rendered":"<p>Les travaux r\u00e9alis\u00e9s dans le cadre du projet \u00ab Topetola \u00bb connaissent une \u00e9volution jug\u00e9e tr\u00e8s positive dans la commune de Limete, \u00e0 Kinshasa. Une mission conjointe r\u00e9unissant une d\u00e9l\u00e9gation fran\u00e7aise et des repr\u00e9sentants de la Ville de Kinshasa a effectu\u00e9, le samedi 25 avril, une descente sur le terrain afin d\u2019\u00e9valuer l\u2019\u00e9tat d\u2019avancement de [&hellip;]<\/p>\n","protected":false},"author":1,"featured_media":11553,"comment_status":"open","ping_status":"open","sticky":false,"template":"","format":"standard","meta":{"footnotes":""},"categories":[25],"tags":[],"_links":{"self":[{"href":"https:\/\/times.cd\/index.php\/wp-json\/wp\/v2\/posts\/11552"}],"collection":[{"href":"https:\/\/times.cd\/index.php\/wp-json\/wp\/v2\/posts"}],"about":[{"href":"https:\/\/times.cd\/index.php\/wp-json\/wp\/v2\/types\/post"}],"author":[{"embeddable":true,"href":"https:\/\/times.cd\/index.php\/wp-json\/wp\/v2\/users\/1"}],"replies":[{"embeddable":true,"href":"https:\/\/times.cd\/index.php\/wp-json\/wp\/v2\/comments?post=11552"}],"version-history":[{"count":1,"href":"https:\/\/times.cd\/index.php\/wp-json\/wp\/v2\/posts\/11552\/revisions"}],"predecessor-version":[{"id":11554,"href":"https:\/\/times.cd\/index.php\/wp-json\/wp\/v2\/posts\/11552\/revisions\/11554"}],"wp:featuredmedia":[{"embeddable":true,"href":"https:\/\/times.cd\/index.php\/wp-json\/wp\/v2\/media\/11553"}],"wp:attachment":[{"href":"https:\/\/times.cd\/index.php\/wp-json\/wp\/v2\/media?parent=11552"}],"wp:term":[{"taxonomy":"category","embeddable":true,"href":"https:\/\/times.cd\/index.php\/wp-json\/wp\/v2\/categories?post=11552"},{"taxonomy":"post_tag","embeddable":true,"href":"https:\/\/times.cd\/index.php\/wp-json\/wp\/v2\/tags?post=11552"}],"curies":[{"name":"wp","href":"https:\/\/api.w.org\/{rel}","templated":true}]}}