{"id":11548,"date":"2026-05-02T09:13:16","date_gmt":"2026-05-02T09:13:16","guid":{"rendered":"https:\/\/times.cd\/?p=11548"},"modified":"2026-05-02T09:13:17","modified_gmt":"2026-05-02T09:13:17","slug":"grand-kasai-les-universites-modernes-un-investissement-conteste-par-jean-marc-kabund-mais-vite-recadre-par-labbe-blaise-kanda","status":"publish","type":"post","link":"https:\/\/times.cd\/index.php\/2026\/05\/02\/grand-kasai-les-universites-modernes-un-investissement-conteste-par-jean-marc-kabund-mais-vite-recadre-par-labbe-blaise-kanda\/","title":{"rendered":"Grand-Kasa\u00ef : les universit\u00e9s modernes, un investissement contest\u00e9 par Jean-Marc Kabund mais vite recadr\u00e9 par l\u2019abb\u00e9 Blaise Kanda"},"content":{"rendered":"\n<p>Un d\u00e9bat vif anime actuellement l\u2019opinion publique dans l\u2019espace du Grand-Kasa\u00ef autour de la pertinence des universit\u00e9s modernes r\u00e9cemment construites dans deux villes phares : Mbujimayi et Kananga.<\/p>\n\n\n\n<p>\u00c0 l\u2019origine de cette controverse, une d\u00e9claration de l\u2019opposant Jean-Marc Kabund, faite le samedi 24 avril devant ses militants. Ce dernier a qualifi\u00e9 la construction des universit\u00e9s de \u00ab pure distraction \u00bb, estimant que le peuple du Kasa\u00ef-Oriental, et d\u2019ailleurs, n\u2019en avait pas besoin comme priorit\u00e9.<\/p>\n\n\n\n<p>Face \u00e0 ces propos, l\u2019abb\u00e9 Blaise Kanda est rapidement mont\u00e9 au cr\u00e9neau pour d\u00e9fendre le r\u00f4le fondamental de ces infrastructures \u00e9ducatives dans le d\u00e9veloppement \u00e0 long terme de la r\u00e9gion.<br>Dans une r\u00e9action largement relay\u00e9e sur lesl r\u00e9seaux sociaux, l\u2019homme d\u2019\u00c9glise appelle \u00e0 \u00ab laisser le peuple jouir de ces avanc\u00e9es \u00bb, d\u00e9non\u00e7ant ce qu\u2019il consid\u00e8re comme un pessimisme injustifi\u00e9.<\/p>\n\n\n\n<p>Selon lui, juger l\u2019utilit\u00e9 des universit\u00e9s \u00e0 l\u2019aune des r\u00e9sultats imm\u00e9diats rel\u00e8ve d\u2019une incompr\u00e9hension profonde de leur mission.<br>\u00ab L\u2019universit\u00e9 est un investissement \u00bb, insiste-t-il, rappelant que partout dans le monde, les institutions acad\u00e9miques contribuent au d\u00e9veloppement de mani\u00e8re progressive plut\u00f4t qu\u2019instantan\u00e9e.<\/p>\n\n\n\n<p>Cette vision s\u2019inscrit dans une logique de transformation durable, o\u00f9 la formation du capital humain constitue un levier essentiel.<br>Dans des villes longtemps priv\u00e9es d\u2019infrastructures universitaires modernes, la construction de ces \u00e9tablissements repr\u00e9sente bien plus qu\u2019un simple projet immobilier. Pour de nombreuses familles, il s\u2019agit d\u2019une r\u00e9ponse \u00e0 une r\u00e9alit\u00e9 douloureuse : l\u2019obligation pour les jeunes de quitter leur province afin de poursuivre leurs \u00e9tudes, avec les co\u00fbts financiers et sociaux que cela implique.<\/p>\n\n\n\n<p>L\u2019abb\u00e9 Kanda souligne \u00e9galement la dimension symbolique de ces r\u00e9alisations :<br>\u00ab Connaissez-vous la honte d\u2019une province sans universit\u00e9 bien construite ? \u00bb, interroge-t-il, mettant en avant le sentiment de dignit\u00e9 et de fiert\u00e9 retrouv\u00e9 par les populations locales.<br>Ces universit\u00e9s s\u2019inscrivent dans la politique d\u2019investissements publicsl impuls\u00e9e sous la pr\u00e9sidence de F\u00e9lix Tshisekedi, visant \u00e0 r\u00e9duire les in\u00e9galit\u00e9s r\u00e9gionales et \u00e0 renforcer l\u2019acc\u00e8s \u00e0 l\u2019enseignement sup\u00e9rieur \u00e0 travers le pays.<\/p>\n\n\n\n<p>Cependant, les critiques persistent. Certains observateurs estiment que les priorit\u00e9s devraient \u00eatre orient\u00e9es vers des besoins plus imm\u00e9diats tels que l\u2019emploi, les infrastructures de base ou la s\u00e9curit\u00e9. D\u2019autres s\u2019interrogent sur la qualit\u00e9 de l\u2019enseignement ainsi que sur la capacit\u00e9 de ces nouvelles universit\u00e9s \u00e0 r\u00e9pondre aux exigences acad\u00e9miques et professionnelles.<\/p>\n\n\n\n<p>Face \u00e0 ces divergences, une chose reste claire : le d\u00e9bat d\u00e9passe la simple question des infrastructures pour toucher \u00e0 une vision plus large du d\u00e9veloppement. Faut-il privil\u00e9gier les retomb\u00e9es rapides ou investir dans des fondations \u00e0 long terme ?<br>Pour l\u2019abb\u00e9 Kanda et ses partisans, la r\u00e9ponse ne fait aucun doute. L\u2019\u00eatre humain, rappellent-ils, \u00ab n\u2019est pas qu\u2019estomac, il est aussi cerveau \u00bb. Une formule qui r\u00e9sume l\u2019enjeu : r\u00e9pondre \u00e0 la fois aux besoins imm\u00e9diats et aux ambitions futures.<\/p>\n\n\n\n<p>Dans un contexte national marqu\u00e9 par de multiples d\u00e9fis, ces nouvelles universit\u00e9s apparaissent ainsi comme des symboles d\u2019espoir, mais aussi comme un test pour la capacit\u00e9 du pays \u00e0 transformer ses investissements \u00e9ducatifs en v\u00e9ritables moteurs de d\u00e9veloppement.<\/p>\n\n\n\n<p>Par ailleurs, le recteur de l\u2019Universit\u00e9 Officielle de Mbujimayi (UOM) a \u00e9galement recadr\u00e9 les propos de Jean-Marc Kabund sur cette pol\u00e9mique.<\/p>\n\n\n\n<p>De son c\u00f4t\u00e9, l\u2019abb\u00e9 Apollinaire Cibaka Cikongo a invit\u00e9 les acteurs politiques \u00e0 \u00ab faire la diff\u00e9rence entre pol\u00e9miques et r\u00e9alisations concr\u00e8tes \u00bb, exhortant l\u2019ancien premier vice-pr\u00e9sident de l\u2019Assembl\u00e9e nationale \u00e0 \u00ab regarder la r\u00e9alit\u00e9 en face \u00bb.<br>\u00ab On peut ne pas aimer quelqu\u2019un, c\u2019est votre droit, mais il faut au moins reconna\u00eetre ses \u0153uvres ; c\u2019est le moindre que l\u2019on puisse vous demander \u00bb, a-t-il d\u00e9clar\u00e9.<\/p>\n\n\n\n<p>Francis Luende<\/p>\n","protected":false},"excerpt":{"rendered":"<p>Un d\u00e9bat vif anime actuellement l\u2019opinion publique dans l\u2019espace du Grand-Kasa\u00ef autour de la pertinence des universit\u00e9s modernes r\u00e9cemment construites dans deux villes phares : Mbujimayi et Kananga. \u00c0 l\u2019origine de cette controverse, une d\u00e9claration de l\u2019opposant Jean-Marc Kabund, faite le samedi 24 avril devant ses militants. Ce dernier a qualifi\u00e9 la construction des universit\u00e9s [&hellip;]<\/p>\n","protected":false},"author":1,"featured_media":11549,"comment_status":"open","ping_status":"open","sticky":false,"template":"","format":"standard","meta":{"footnotes":""},"categories":[25],"tags":[],"_links":{"self":[{"href":"https:\/\/times.cd\/index.php\/wp-json\/wp\/v2\/posts\/11548"}],"collection":[{"href":"https:\/\/times.cd\/index.php\/wp-json\/wp\/v2\/posts"}],"about":[{"href":"https:\/\/times.cd\/index.php\/wp-json\/wp\/v2\/types\/post"}],"author":[{"embeddable":true,"href":"https:\/\/times.cd\/index.php\/wp-json\/wp\/v2\/users\/1"}],"replies":[{"embeddable":true,"href":"https:\/\/times.cd\/index.php\/wp-json\/wp\/v2\/comments?post=11548"}],"version-history":[{"count":1,"href":"https:\/\/times.cd\/index.php\/wp-json\/wp\/v2\/posts\/11548\/revisions"}],"predecessor-version":[{"id":11550,"href":"https:\/\/times.cd\/index.php\/wp-json\/wp\/v2\/posts\/11548\/revisions\/11550"}],"wp:featuredmedia":[{"embeddable":true,"href":"https:\/\/times.cd\/index.php\/wp-json\/wp\/v2\/media\/11549"}],"wp:attachment":[{"href":"https:\/\/times.cd\/index.php\/wp-json\/wp\/v2\/media?parent=11548"}],"wp:term":[{"taxonomy":"category","embeddable":true,"href":"https:\/\/times.cd\/index.php\/wp-json\/wp\/v2\/categories?post=11548"},{"taxonomy":"post_tag","embeddable":true,"href":"https:\/\/times.cd\/index.php\/wp-json\/wp\/v2\/tags?post=11548"}],"curies":[{"name":"wp","href":"https:\/\/api.w.org\/{rel}","templated":true}]}}