{"id":11542,"date":"2026-04-29T15:26:33","date_gmt":"2026-04-29T15:26:33","guid":{"rendered":"https:\/\/times.cd\/?p=11542"},"modified":"2026-04-29T15:26:33","modified_gmt":"2026-04-29T15:26:33","slug":"semaine-francaise-la-rdc-peut-jouer-un-role-cle-dans-les-chaines-de-valeur-mondiales-liees-aux-energies-propresc-mutombo-representant-de-kibali-manning","status":"publish","type":"post","link":"https:\/\/times.cd\/index.php\/2026\/04\/29\/semaine-francaise-la-rdc-peut-jouer-un-role-cle-dans-les-chaines-de-valeur-mondiales-liees-aux-energies-propresc-mutombo-representant-de-kibali-manning\/","title":{"rendered":"Semaine fran\u00e7aise: \u00ab\u00a0la RDC peut jouer un r\u00f4le cl\u00e9 dans les cha\u00eenes de valeur mondiales li\u00e9es aux \u00e9nergies propres\u00a0\u00bb(C. Mutombo repr\u00e9sentant de Kibali Manning)"},"content":{"rendered":"\n<p>La neuvi\u00e8me \u00e9dition de la Semaine fran\u00e7aise de Kinshasa, lanc\u00e9e au Pullman Grand H\u00f4tel, met clairement en avant un objectif central : transformer le potentiel \u00e9conomique de la RDC en projets concrets gr\u00e2ce \u00e0 des partenariats solides entre acteurs publics et priv\u00e9s, congolais et fran\u00e7ais.<\/p>\n\n\n\n<p>L\u2019intervention de C. Mutombo, repr\u00e9sentant Kibali Manning, s\u2019inscrit bien dans cette logique. Son message repose sur trois id\u00e9es fortes :<br>D\u2019abord, la RDC comme \u201cpays solution\u201d dans la transition \u00e9nerg\u00e9tique. Avec ses ressources mini\u00e8res strat\u00e9giques (cobalt, cuivre, etc.), le pays peut jouer un r\u00f4le cl\u00e9 dans les cha\u00eenes de valeur mondiales li\u00e9es aux \u00e9nergies propres.<\/p>\n\n\n\n<p>Ensuite, la capacit\u00e9 \u00e0 d\u00e9velopper un r\u00e9seau \u00e9nerg\u00e9tique local. L\u2019exemple de Kibali montre qu\u2019il est possible de combiner exploitation mini\u00e8re et production d\u2019\u00e9nergie, ce qui peut servir de mod\u00e8le pour d\u2019autres projets structurants.<br>Enfin, la question de la gouvernance.<\/p>\n\n\n\n<p>C\u2019est probablement le point le plus critique : disposer de ressources ne suffit pas. Il faut un cadre stable, des r\u00e8gles claires et une vision strat\u00e9gique pour attirer les investissements et convertir le potentiel en d\u00e9veloppement r\u00e9el.<br>Sa participation illustre aussi une strat\u00e9gie plus large : renforcer les liens entre entreprises locales et internationales. C\u2019est d\u2019ailleurs coh\u00e9rent avec le th\u00e8me de cette \u00e9dition, \u00ab Perspectives partag\u00e9es \u00bb, qui insiste sur une co-construction plut\u00f4t qu\u2019une relation \u00e0 sens unique.<\/p>\n\n\n\n<p>Cet \u00e9v\u00e9nement d\u00e9passe le simple cadre diplomatique : il sert de plateforme pour positionner la RDC comme un acteur cr\u00e9dible dans les grands enjeux \u00e9conomiques mondiaux, \u00e0 condition de lever certains blocages structurels.<\/p>\n","protected":false},"excerpt":{"rendered":"<p>La neuvi\u00e8me \u00e9dition de la Semaine fran\u00e7aise de Kinshasa, lanc\u00e9e au Pullman Grand H\u00f4tel, met clairement en avant un objectif central : transformer le potentiel \u00e9conomique de la RDC en projets concrets gr\u00e2ce \u00e0 des partenariats solides entre acteurs publics et priv\u00e9s, congolais et fran\u00e7ais. L\u2019intervention de C. Mutombo, repr\u00e9sentant Kibali Manning, s\u2019inscrit bien dans [&hellip;]<\/p>\n","protected":false},"author":1,"featured_media":11543,"comment_status":"open","ping_status":"open","sticky":false,"template":"","format":"standard","meta":{"footnotes":""},"categories":[24],"tags":[],"_links":{"self":[{"href":"https:\/\/times.cd\/index.php\/wp-json\/wp\/v2\/posts\/11542"}],"collection":[{"href":"https:\/\/times.cd\/index.php\/wp-json\/wp\/v2\/posts"}],"about":[{"href":"https:\/\/times.cd\/index.php\/wp-json\/wp\/v2\/types\/post"}],"author":[{"embeddable":true,"href":"https:\/\/times.cd\/index.php\/wp-json\/wp\/v2\/users\/1"}],"replies":[{"embeddable":true,"href":"https:\/\/times.cd\/index.php\/wp-json\/wp\/v2\/comments?post=11542"}],"version-history":[{"count":1,"href":"https:\/\/times.cd\/index.php\/wp-json\/wp\/v2\/posts\/11542\/revisions"}],"predecessor-version":[{"id":11544,"href":"https:\/\/times.cd\/index.php\/wp-json\/wp\/v2\/posts\/11542\/revisions\/11544"}],"wp:featuredmedia":[{"embeddable":true,"href":"https:\/\/times.cd\/index.php\/wp-json\/wp\/v2\/media\/11543"}],"wp:attachment":[{"href":"https:\/\/times.cd\/index.php\/wp-json\/wp\/v2\/media?parent=11542"}],"wp:term":[{"taxonomy":"category","embeddable":true,"href":"https:\/\/times.cd\/index.php\/wp-json\/wp\/v2\/categories?post=11542"},{"taxonomy":"post_tag","embeddable":true,"href":"https:\/\/times.cd\/index.php\/wp-json\/wp\/v2\/tags?post=11542"}],"curies":[{"name":"wp","href":"https:\/\/api.w.org\/{rel}","templated":true}]}}